{"id":1575,"date":"2022-07-26T10:26:51","date_gmt":"2022-07-26T10:26:51","guid":{"rendered":"https:\/\/www.narraajan.fi\/?p=1575"},"modified":"2022-08-29T11:56:27","modified_gmt":"2022-08-29T11:56:27","slug":"super-viikonloppu-kalajoella","status":"publish","type":"post","link":"https:\/\/www.narraajan.fi\/index.php\/2022\/07\/26\/super-viikonloppu-kalajoella\/","title":{"rendered":"Super viikonloppu Kalajoella!"},"content":{"rendered":"\t\t<div data-elementor-type=\"wp-post\" data-elementor-id=\"1575\" class=\"elementor elementor-1575\">\n\t\t\t\t\t\t<section class=\"elementor-section elementor-top-section elementor-element elementor-element-e987355 elementor-section-boxed elementor-section-height-default elementor-section-height-default\" data-id=\"e987355\" data-element_type=\"section\" data-e-type=\"section\">\n\t\t\t\t\t\t<div class=\"elementor-container elementor-column-gap-default\">\n\t\t\t\t\t<div class=\"elementor-column elementor-col-100 elementor-top-column elementor-element elementor-element-cab1f36\" data-id=\"cab1f36\" data-element_type=\"column\" data-e-type=\"column\">\n\t\t\t<div class=\"elementor-widget-wrap elementor-element-populated\">\n\t\t\t\t\t\t<div class=\"elementor-element elementor-element-5e4380f elementor-widget elementor-widget-text-editor\" data-id=\"5e4380f\" data-element_type=\"widget\" data-e-type=\"widget\" data-widget_type=\"text-editor.default\">\n\t\t\t\t<div class=\"elementor-widget-container\">\n\t\t\t\t\t\t\t\t\t<p>Etuk\u00e4teen v\u00e4h\u00e4n mietittiin ett\u00e4 haukataanko liian iso pala kakkua nuorten koirien kanssa, jos yritet\u00e4\u00e4n k\u00e4yd\u00e4 kaikki kolme Kalajoen n\u00e4yttely\u00e4 saman viikonlopun aikana. No p\u00e4\u00e4tettiin, ett\u00e4 yritet\u00e4\u00e4n, ja jos kakarat ei jaksa kolmea p\u00e4iv\u00e4\u00e4, j\u00e4tet\u00e4\u00e4n sitten suosiolla joku v\u00e4list\u00e4. Mutta eip\u00e4 huolta, hienosti juoksivat junnukoirat kehiss\u00e4 kaikkin\u00e4 p\u00e4ivin\u00e4 ilman mit\u00e4\u00e4n k\u00e4hin\u00f6it\u00e4 ja kiltisti telttailivat meid\u00e4n kanssa pitk\u00e4t p\u00e4iv\u00e4t isolla sakilla. Min\u00e4 olen n\u00e4ist\u00e4\u00a0 kakaroista niin ylpe\u00e4.\u00a0<\/p><p>Ensin oli vuorossa Kalajoen ryhm\u00e4n\u00e4yttely perjantaina 22.7. Meid\u00e4n keh\u00e4 alkoi seitsem\u00e4n j\u00e4lkeen illalla ja tuomarina toimi Zafra Sirik Israelista. V\u00e4in\u00f6 juoksi keng\u00e4tt\u00f6m\u00e4n esitt\u00e4j\u00e4ns\u00e4 kanssa tulokseksi ERI1. No, olipahan keh\u00e4n laidalla hauskaa kun minun uusi hieno kenk\u00e4 sinkosi ensimm\u00e4isess\u00e4 kurvissa jalasta. Onneksi V\u00e4in\u00f6 ei ollut t\u00e4st\u00e4k\u00e4\u00e4n episodista moksiskaan.\u00a0<\/p>\t\t\t\t\t\t\t\t<\/div>\n\t\t\t\t<\/div>\n\t\t\t\t\t<\/div>\n\t\t<\/div>\n\t\t\t\t\t<\/div>\n\t\t<\/section>\n\t\t\t\t<section class=\"elementor-section elementor-top-section elementor-element elementor-element-2816a97 elementor-section-boxed elementor-section-height-default elementor-section-height-default\" data-id=\"2816a97\" data-element_type=\"section\" data-e-type=\"section\">\n\t\t\t\t\t\t<div class=\"elementor-container elementor-column-gap-default\">\n\t\t\t\t\t<div class=\"elementor-column elementor-col-100 elementor-top-column elementor-element elementor-element-3331a88\" data-id=\"3331a88\" data-element_type=\"column\" data-e-type=\"column\">\n\t\t\t<div class=\"elementor-widget-wrap elementor-element-populated\">\n\t\t\t\t\t\t<div class=\"elementor-element elementor-element-70ff1d1 elementor-widget elementor-widget-image\" data-id=\"70ff1d1\" data-element_type=\"widget\" data-e-type=\"widget\" data-widget_type=\"image.default\">\n\t\t\t\t<div class=\"elementor-widget-container\">\n\t\t\t\t\t\t\t\t\t\t\t\t\t\t\t<img decoding=\"async\" src=\"https:\/\/www.narraajan.fi\/wp-content\/uploads\/elementor\/thumbs\/Vaino-psbsx5vegtvlg1eitq0xhzm9x2cwrqy1q8yahmzysc.png\" title=\"Vaino\" alt=\"Vaino\" loading=\"lazy\" \/>\t\t\t\t\t\t\t\t\t\t\t\t\t\t\t<\/div>\n\t\t\t\t<\/div>\n\t\t\t\t\t<\/div>\n\t\t<\/div>\n\t\t\t\t\t<\/div>\n\t\t<\/section>\n\t\t\t\t<section class=\"elementor-section elementor-top-section elementor-element elementor-element-9d0e39b elementor-section-boxed elementor-section-height-default elementor-section-height-default\" data-id=\"9d0e39b\" data-element_type=\"section\" data-e-type=\"section\">\n\t\t\t\t\t\t<div class=\"elementor-container elementor-column-gap-default\">\n\t\t\t\t\t<div class=\"elementor-column elementor-col-100 elementor-top-column elementor-element elementor-element-aa79c37\" data-id=\"aa79c37\" data-element_type=\"column\" data-e-type=\"column\">\n\t\t\t<div class=\"elementor-widget-wrap elementor-element-populated\">\n\t\t\t\t\t\t<div class=\"elementor-element elementor-element-c4b94e7 elementor-widget elementor-widget-text-editor\" data-id=\"c4b94e7\" data-element_type=\"widget\" data-e-type=\"widget\" data-widget_type=\"text-editor.default\">\n\t\t\t\t<div class=\"elementor-widget-container\">\n\t\t\t\t\t\t\t\t\t<p>Tyt\u00f6t kilpailivat kesken\u00e4\u00e4n junioriluokassa, molemmilla toiveena saada viimeinen junnuserti. Molemmat saivat erin, Sansa voitti luokan ja molemmille viel\u00e4 SA. N\u00e4in ollen Sansa ansaitsi sen juniorisertin ja tuli t\u00e4ll\u00e4 meid\u00e4n ensimm\u00e4iseksi juniorivalioksi! Sansa oli luonnollisesti my\u00f6s ROP-juniori. Hienoa Sansa. Lopulta Sansa nousi hienosti viel\u00e4 narttujen toiseksi ja sai my\u00f6s sertin, joka oli Sansan toinen. Harmi oli narttujen nelj\u00e4s. Loistava p\u00e4iv\u00e4!<\/p><p>N\u00e4yttelyn ROP snautseri oli Seladys Flicora ja VSP Mihan Bendula, onnea!<\/p>\t\t\t\t\t\t\t\t<\/div>\n\t\t\t\t<\/div>\n\t\t\t\t\t<\/div>\n\t\t<\/div>\n\t\t\t\t\t<\/div>\n\t\t<\/section>\n\t\t\t\t<section class=\"elementor-section elementor-top-section elementor-element elementor-element-e2a6e9c elementor-section-boxed elementor-section-height-default elementor-section-height-default\" data-id=\"e2a6e9c\" data-element_type=\"section\" data-e-type=\"section\">\n\t\t\t\t\t\t<div class=\"elementor-container elementor-column-gap-default\">\n\t\t\t\t\t<div class=\"elementor-column elementor-col-100 elementor-top-column elementor-element elementor-element-46bd194\" data-id=\"46bd194\" data-element_type=\"column\" data-e-type=\"column\">\n\t\t\t<div class=\"elementor-widget-wrap elementor-element-populated\">\n\t\t\t\t\t\t<div class=\"elementor-element elementor-element-08bf90c elementor-widget elementor-widget-image\" data-id=\"08bf90c\" data-element_type=\"widget\" data-e-type=\"widget\" data-widget_type=\"image.default\">\n\t\t\t\t<div class=\"elementor-widget-container\">\n\t\t\t\t\t\t\t\t\t\t\t\t\t\t\t<img decoding=\"async\" src=\"https:\/\/www.narraajan.fi\/wp-content\/uploads\/elementor\/thumbs\/Sansa_Kalajoki-scaled-psbsqbloq8igy7c8rrkocpria42qr1sdge12r553ty.jpg\" title=\"Sansa_Kalajoki\" alt=\"Sansa_Kalajoki\" loading=\"lazy\" \/>\t\t\t\t\t\t\t\t\t\t\t\t\t\t\t<\/div>\n\t\t\t\t<\/div>\n\t\t\t\t\t<\/div>\n\t\t<\/div>\n\t\t\t\t\t<\/div>\n\t\t<\/section>\n\t\t\t\t<section class=\"elementor-section elementor-top-section elementor-element elementor-element-219604a elementor-section-boxed elementor-section-height-default elementor-section-height-default\" data-id=\"219604a\" data-element_type=\"section\" data-e-type=\"section\">\n\t\t\t\t\t\t<div class=\"elementor-container elementor-column-gap-default\">\n\t\t\t\t\t<div class=\"elementor-column elementor-col-100 elementor-top-column elementor-element elementor-element-f7240a4\" data-id=\"f7240a4\" data-element_type=\"column\" data-e-type=\"column\">\n\t\t\t<div class=\"elementor-widget-wrap elementor-element-populated\">\n\t\t\t\t\t\t<div class=\"elementor-element elementor-element-6f879a6 elementor-widget elementor-widget-text-editor\" data-id=\"6f879a6\" data-element_type=\"widget\" data-e-type=\"widget\" data-widget_type=\"text-editor.default\">\n\t\t\t\t<div class=\"elementor-widget-container\">\n\t\t\t\t\t\t\t\t\t<p>Perjantaina kurvattiin kotipihalle v\u00e4h\u00e4n yhdentoista j\u00e4lkeen illalla ja aamulla puoli seitsem\u00e4n aikaan auton keula osoitti taas Kalajoen suuntaan. Reippaana sit\u00e4 silti mentiin kun kerta oli leikkiin l\u00e4hdetty.\u00a0<\/p><p>Snautsereita tuomaroi lauantain Nord-n\u00e4yttelyss\u00e4 Australialainen Coral Gray. Ensimm\u00e4isen\u00e4 meilt\u00e4 keh\u00e4\u00e4n V\u00e4in\u00f6. T\u00e4ll\u00e4 kertaa tuomari arvioi V\u00e4in\u00f6n erinomaisen ja SA:n arvoiseksi ja V\u00e4in\u00f6 sai toisen junnusertins\u00e4. Eik\u00e4 se j\u00e4\u00e4nyt V\u00e4in\u00f6n osalta viel\u00e4 t\u00e4h\u00e4n, sill\u00e4 se sai my\u00f6s ensimm\u00e4isen sertins\u00e4 ollen PU3. Upeaa V\u00e4in\u00f6!\u00a0<\/p><p>T\u00e4lle p\u00e4iv\u00e4lle oli ilmoitettu my\u00f6s kolmas siskoksista, Noma. Tyt\u00f6t kilpaili taas kesken\u00e4\u00e4n ja kaikki olivat ERIn arvoisia. Harmi voitti luokan saaden SA:n. N\u00e4in ollen Harmistakin kolmannen juniorisertin my\u00f6t\u00e4 uusi juniorimuotovalio! Siisti\u00e4! Harmi oli ROP-juniori ja V\u00e4in\u00f6 VSP-juniori.<\/p><p>Koska mukana oli nelj\u00e4 kasvattia, esitettiin my\u00f6s t\u00e4ll\u00e4 kokoonpanolla kasvattajaryhm\u00e4. Saatiin ensimm\u00e4inen kunniapalkinto ja ROP-kasvattajaryhm\u00e4. Kiitos t\u00e4st\u00e4 aktiivisille omistajille!<\/p><p>N\u00e4yttelyn ROP oli Nettl Greit Parsival Mihan ja VSP Arctic Idols Evita, onnittelut!<\/p>\t\t\t\t\t\t\t\t<\/div>\n\t\t\t\t<\/div>\n\t\t\t\t\t<\/div>\n\t\t<\/div>\n\t\t\t\t\t<\/div>\n\t\t<\/section>\n\t\t\t\t<section class=\"elementor-section elementor-top-section elementor-element elementor-element-7c663f0 elementor-section-boxed elementor-section-height-default elementor-section-height-default\" data-id=\"7c663f0\" data-element_type=\"section\" data-e-type=\"section\">\n\t\t\t\t\t\t<div class=\"elementor-container elementor-column-gap-default\">\n\t\t\t\t\t<div class=\"elementor-column elementor-col-100 elementor-top-column elementor-element elementor-element-2f6460b\" data-id=\"2f6460b\" data-element_type=\"column\" data-e-type=\"column\">\n\t\t\t<div class=\"elementor-widget-wrap elementor-element-populated\">\n\t\t\t\t\t\t<div class=\"elementor-element elementor-element-0e02af3 elementor-widget elementor-widget-image\" data-id=\"0e02af3\" data-element_type=\"widget\" data-e-type=\"widget\" data-widget_type=\"image.default\">\n\t\t\t\t<div class=\"elementor-widget-container\">\n\t\t\t\t\t\t\t\t\t\t\t\t\t\t\t<img fetchpriority=\"high\" decoding=\"async\" width=\"1024\" height=\"768\" src=\"https:\/\/www.narraajan.fi\/wp-content\/uploads\/2022\/07\/kasvluokka_Kalajoki-1024x768.png\" class=\"attachment-large size-large wp-image-1584\" alt=\"\" srcset=\"https:\/\/www.narraajan.fi\/wp-content\/uploads\/2022\/07\/kasvluokka_Kalajoki-1024x768.png 1024w, https:\/\/www.narraajan.fi\/wp-content\/uploads\/2022\/07\/kasvluokka_Kalajoki-300x225.png 300w, https:\/\/www.narraajan.fi\/wp-content\/uploads\/2022\/07\/kasvluokka_Kalajoki-768x576.png 768w, https:\/\/www.narraajan.fi\/wp-content\/uploads\/2022\/07\/kasvluokka_Kalajoki-1536x1153.png 1536w, https:\/\/www.narraajan.fi\/wp-content\/uploads\/2022\/07\/kasvluokka_Kalajoki-2048x1537.png 2048w\" sizes=\"(max-width: 1024px) 100vw, 1024px\" \/>\t\t\t\t\t\t\t\t\t\t\t\t\t\t\t<\/div>\n\t\t\t\t<\/div>\n\t\t\t\t\t<\/div>\n\t\t<\/div>\n\t\t\t\t\t<\/div>\n\t\t<\/section>\n\t\t\t\t<section class=\"elementor-section elementor-top-section elementor-element elementor-element-f9f6d06 elementor-section-boxed elementor-section-height-default elementor-section-height-default\" data-id=\"f9f6d06\" data-element_type=\"section\" data-e-type=\"section\">\n\t\t\t\t\t\t<div class=\"elementor-container elementor-column-gap-default\">\n\t\t\t\t\t<div class=\"elementor-column elementor-col-100 elementor-top-column elementor-element elementor-element-3037ba6\" data-id=\"3037ba6\" data-element_type=\"column\" data-e-type=\"column\">\n\t\t\t<div class=\"elementor-widget-wrap elementor-element-populated\">\n\t\t\t\t\t\t<div class=\"elementor-element elementor-element-eac35a9 elementor-widget elementor-widget-image\" data-id=\"eac35a9\" data-element_type=\"widget\" data-e-type=\"widget\" data-widget_type=\"image.default\">\n\t\t\t\t<div class=\"elementor-widget-container\">\n\t\t\t\t\t\t\t\t\t\t\t\t<figure class=\"wp-caption\">\n\t\t\t\t\t\t\t\t\t\t<img decoding=\"async\" src=\"https:\/\/www.narraajan.fi\/wp-content\/uploads\/elementor\/thumbs\/Sansa_Kalajoki2-psbsqef7aqmbx185bask271w29oue53kgrzj6z107g.jpg\" title=\"Sansa_Kalajoki2\" alt=\"Sansa_Kalajoki2\" loading=\"lazy\" \/>\t\t\t\t\t\t\t\t\t\t\t<figcaption class=\"widget-image-caption wp-caption-text\">Sansa ja Eija<\/figcaption>\n\t\t\t\t\t\t\t\t\t\t<\/figure>\n\t\t\t\t\t\t\t\t\t<\/div>\n\t\t\t\t<\/div>\n\t\t\t\t\t<\/div>\n\t\t<\/div>\n\t\t\t\t\t<\/div>\n\t\t<\/section>\n\t\t\t\t<section class=\"elementor-section elementor-top-section elementor-element elementor-element-9ead962 elementor-section-boxed elementor-section-height-default elementor-section-height-default\" data-id=\"9ead962\" data-element_type=\"section\" data-e-type=\"section\">\n\t\t\t\t\t\t<div class=\"elementor-container elementor-column-gap-default\">\n\t\t\t\t\t<div class=\"elementor-column elementor-col-100 elementor-top-column elementor-element elementor-element-579768a\" data-id=\"579768a\" data-element_type=\"column\" data-e-type=\"column\">\n\t\t\t<div class=\"elementor-widget-wrap elementor-element-populated\">\n\t\t\t\t\t\t<div class=\"elementor-element elementor-element-5e2f91f elementor-widget elementor-widget-text-editor\" data-id=\"5e2f91f\" data-element_type=\"widget\" data-e-type=\"widget\" data-widget_type=\"text-editor.default\">\n\t\t\t\t<div class=\"elementor-widget-container\">\n\t\t\t\t\t\t\t\t\t<p>Sunnuntaina oli vuorossa viimeinen n\u00e4yttelyp\u00e4iv\u00e4 ja kansainv\u00e4linen n\u00e4yttely. Tuomarina snautsereilla Dick Baars, Hollannista.<\/p><p>V\u00e4in\u00f6 aloitti keh\u00e4nkierron yht\u00e4 upealla tuloksella kuin edellisen\u00e4kin p\u00e4iv\u00e4n\u00e4. Erinomaisen laatuarvostelun ja SA:n j\u00e4lkeen k\u00e4teen ojennettiin V\u00e4in\u00f6n kolmas junnuserti. Taas meill\u00e4 oli siis uusi juniorimuotovalio! V\u00e4in\u00f6 oli lopulta PU3 ja sai toisen sertins\u00e4! Aivan huippua!<\/p><p>Junnunartuissa kilpaili kolme narttua, joista meilt\u00e4 Harmi ja Sansa. Molemmille j\u00e4lleen Erinomainen laatuarvostelu. Harmi voitti luokan SA:lla ja sijoittui narttujen kolmanneksi. ROP-juniorin valinnassa taas vastakkain V\u00e4in\u00f6 ja Harmi, Harmille voitto t\u00e4st\u00e4.<\/p><p>Jossun mukana n\u00e4yttelyyn tuli my\u00f6s Pirkka, joka voitti corgi-urokset, sai CACIBin\u00a0 ja oli lopulta VSP.<\/p><p>Snautserien ROP oli Mihan Bendula ja VSP oli Bonzen Gaia. Saku oli my\u00f6s RYP1!!! ja Lillist\u00e4 tuli CACIBin my\u00f6t\u00e4 kansainv\u00e4linen valio. Paljon onnea molemmille!<\/p><p>Meill\u00e4 oli siis ihan super viikonloppu. Kiitos t\u00e4st\u00e4 kuuluu kasvattien omistajille, jotka viettiv\u00e4t meid\u00e4n kanssa viikonloppua telttaillen Kalajoen hietikolla. Kiitos my\u00f6s kaikille ketk\u00e4 meit\u00e4 auttoivat ja kannustivat keh\u00e4n reunalla ja kotona tulosruudun \u00e4\u00e4ress\u00e4. Kiitos koko viikonlopun seurueelle, meid\u00e4n telttakunnassa riitti porukkaa. Kiitos koirien esitt\u00e4jille! Nyt j\u00e4\u00e4 omat tyt\u00f6t ansaitulle tauolle hetkeksi ja suuntaamme muiden harrasteiden pariin.\u00a0<\/p>\t\t\t\t\t\t\t\t<\/div>\n\t\t\t\t<\/div>\n\t\t\t\t\t<\/div>\n\t\t<\/div>\n\t\t\t\t\t<\/div>\n\t\t<\/section>\n\t\t\t\t<section class=\"elementor-section elementor-top-section elementor-element elementor-element-12c6337 elementor-section-boxed elementor-section-height-default elementor-section-height-default\" data-id=\"12c6337\" data-element_type=\"section\" data-e-type=\"section\">\n\t\t\t\t\t\t<div class=\"elementor-container elementor-column-gap-default\">\n\t\t\t\t\t<div class=\"elementor-column elementor-col-50 elementor-top-column elementor-element elementor-element-cce6230\" data-id=\"cce6230\" data-element_type=\"column\" data-e-type=\"column\">\n\t\t\t<div class=\"elementor-widget-wrap elementor-element-populated\">\n\t\t\t\t\t\t<div class=\"elementor-element elementor-element-486a045 elementor-widget elementor-widget-image\" data-id=\"486a045\" data-element_type=\"widget\" data-e-type=\"widget\" data-widget_type=\"image.default\">\n\t\t\t\t<div class=\"elementor-widget-container\">\n\t\t\t\t\t\t\t\t\t\t\t\t\t\t\t<img decoding=\"async\" src=\"https:\/\/www.narraajan.fi\/wp-content\/uploads\/elementor\/thumbs\/Kalajoki-9309-psbsq42t4agtuexxy05blng4yhg31cm4i7tchfdla8.png\" title=\"Kalajoki-9309\" alt=\"Kalajoki-9309\" loading=\"lazy\" \/>\t\t\t\t\t\t\t\t\t\t\t\t\t\t\t<\/div>\n\t\t\t\t<\/div>\n\t\t\t\t\t<\/div>\n\t\t<\/div>\n\t\t\t\t<div class=\"elementor-column elementor-col-50 elementor-top-column elementor-element elementor-element-1b2c978\" data-id=\"1b2c978\" data-element_type=\"column\" data-e-type=\"column\">\n\t\t\t<div class=\"elementor-widget-wrap elementor-element-populated\">\n\t\t\t\t\t\t<div class=\"elementor-element elementor-element-b58af82 elementor-widget elementor-widget-image\" data-id=\"b58af82\" data-element_type=\"widget\" data-e-type=\"widget\" data-widget_type=\"image.default\">\n\t\t\t\t<div class=\"elementor-widget-container\">\n\t\t\t\t\t\t\t\t\t\t\t\t\t\t\t<img decoding=\"async\" src=\"https:\/\/www.narraajan.fi\/wp-content\/uploads\/elementor\/thumbs\/valiot_kalajoki-psbsqgapl4wnaspc0xjjcp142c94rzsqqbi4hafjsw.jpg\" title=\"valiot_kalajoki\" alt=\"valiot_kalajoki\" loading=\"lazy\" \/>\t\t\t\t\t\t\t\t\t\t\t\t\t\t\t<\/div>\n\t\t\t\t<\/div>\n\t\t\t\t\t<\/div>\n\t\t<\/div>\n\t\t\t\t\t<\/div>\n\t\t<\/section>\n\t\t\t\t<section class=\"elementor-section elementor-top-section elementor-element elementor-element-26bbc72 elementor-section-boxed elementor-section-height-default elementor-section-height-default\" data-id=\"26bbc72\" data-element_type=\"section\" data-e-type=\"section\">\n\t\t\t\t\t\t<div class=\"elementor-container elementor-column-gap-default\">\n\t\t\t\t\t<div class=\"elementor-column elementor-col-100 elementor-top-column elementor-element elementor-element-7b51e43\" data-id=\"7b51e43\" data-element_type=\"column\" data-e-type=\"column\">\n\t\t\t<div class=\"elementor-widget-wrap elementor-element-populated\">\n\t\t\t\t\t\t<div class=\"elementor-element elementor-element-dd00970 elementor-widget elementor-widget-text-editor\" data-id=\"dd00970\" data-element_type=\"widget\" data-e-type=\"widget\" data-widget_type=\"text-editor.default\">\n\t\t\t\t<div class=\"elementor-widget-container\">\n\t\t\t\t\t\t\t\t\t<p>Sill\u00e4 aikaa kun me n\u00e4yteltiin Kalajoella, osallistui Rambo omistajansa Jonnan kanssa snautsereiden PK\/peko-leirille. Taisi v\u00e4h\u00e4n lajik\u00e4rp\u00e4sen puraista t\u00e4t\u00e4 paria, hienosti oli Rambo p\u00e4\u00e4ssyt alkeista jyv\u00e4lle. Olen niin ylpe\u00e4 t\u00e4st\u00e4 parista ja aktiivisuudesta jolla he harrastavat!<\/p>\t\t\t\t\t\t\t\t<\/div>\n\t\t\t\t<\/div>\n\t\t\t\t\t<\/div>\n\t\t<\/div>\n\t\t\t\t\t<\/div>\n\t\t<\/section>\n\t\t\t\t<section class=\"elementor-section elementor-top-section elementor-element elementor-element-0cfb06c elementor-section-boxed elementor-section-height-default elementor-section-height-default\" data-id=\"0cfb06c\" data-element_type=\"section\" data-e-type=\"section\">\n\t\t\t\t\t\t<div class=\"elementor-container elementor-column-gap-default\">\n\t\t\t\t\t<div class=\"elementor-column elementor-col-100 elementor-top-column elementor-element elementor-element-27b71cb\" data-id=\"27b71cb\" data-element_type=\"column\" data-e-type=\"column\">\n\t\t\t<div class=\"elementor-widget-wrap elementor-element-populated\">\n\t\t\t\t\t\t<div class=\"elementor-element elementor-element-cf7dc3c elementor-widget elementor-widget-video\" data-id=\"cf7dc3c\" data-element_type=\"widget\" data-e-type=\"widget\" data-settings=\"{&quot;youtube_url&quot;:&quot;https:\\\/\\\/youtu.be\\\/UrB5eZRpLEI&quot;,&quot;autoplay&quot;:&quot;yes&quot;,&quot;play_on_mobile&quot;:&quot;yes&quot;,&quot;show_image_overlay&quot;:&quot;yes&quot;,&quot;image_overlay&quot;:{&quot;url&quot;:&quot;https:\\\/\\\/www.narraajan.fi\\\/wp-content\\\/uploads\\\/2022\\\/07\\\/rambo.jpg&quot;,&quot;id&quot;:1591,&quot;size&quot;:&quot;&quot;,&quot;alt&quot;:&quot;&quot;,&quot;source&quot;:&quot;library&quot;},&quot;video_type&quot;:&quot;youtube&quot;,&quot;controls&quot;:&quot;yes&quot;}\" data-widget_type=\"video.default\">\n\t\t\t\t<div class=\"elementor-widget-container\">\n\t\t\t\t\t\t\t<div class=\"elementor-wrapper elementor-open-inline\">\n\t\t\t<div class=\"elementor-video\"><\/div>\t\t\t\t<div class=\"elementor-custom-embed-image-overlay\" style=\"background-image: url(https:\/\/www.narraajan.fi\/wp-content\/uploads\/2022\/07\/rambo.jpg);\">\n\t\t\t\t\t\t\t\t\t\t\t\t\t\t\t\t<div class=\"elementor-custom-embed-play\" role=\"button\" aria-label=\"Katso video\" tabindex=\"0\">\n\t\t\t\t\t\t\t<i aria-hidden=\"true\" class=\"eicon-play\"><\/i>\t\t\t\t\t\t<\/div>\n\t\t\t\t\t\t\t\t\t<\/div>\n\t\t\t\t\t<\/div>\n\t\t\t\t\t\t<\/div>\n\t\t\t\t<\/div>\n\t\t\t\t\t<\/div>\n\t\t<\/div>\n\t\t\t\t\t<\/div>\n\t\t<\/section>\n\t\t\t\t<\/div>\n\t\t","protected":false},"excerpt":{"rendered":"<p>Etuk\u00e4teen v\u00e4h\u00e4n mietittiin ett\u00e4 haukataanko liian iso pala kakkua nuorten koirien kanssa, jos yritet\u00e4\u00e4n k\u00e4yd\u00e4 kaikki kolme Kalajoen n\u00e4yttely\u00e4 saman viikonlopun aikana. No p\u00e4\u00e4tettiin, ett\u00e4 yritet\u00e4\u00e4n, ja jos kakarat ei jaksa kolmea p\u00e4iv\u00e4\u00e4, j\u00e4tet\u00e4\u00e4n sitten suosiolla joku v\u00e4list\u00e4. Mutta eip\u00e4 huolta, hienosti juoksivat junnukoirat kehiss\u00e4 kaikkin\u00e4 p\u00e4ivin\u00e4 ilman mit\u00e4\u00e4n k\u00e4hin\u00f6it\u00e4 ja kiltisti telttailivat meid\u00e4n kanssa &#8230; <a title=\"Super viikonloppu Kalajoella!\" class=\"read-more\" href=\"https:\/\/www.narraajan.fi\/index.php\/2022\/07\/26\/super-viikonloppu-kalajoella\/\" aria-label=\"Lue lis\u00e4\u00e4 aiheesta Super viikonloppu Kalajoella!\">Lue lis\u00e4\u00e4<\/a><\/p>\n","protected":false},"author":1,"featured_media":0,"comment_status":"closed","ping_status":"open","sticky":false,"template":"","format":"standard","meta":{"footnotes":""},"categories":[16],"tags":[],"class_list":["post-1575","post","type-post","status-publish","format-standard","hentry","category-kuulumisia"],"yoast_head":"<!-- This site is optimized with the Yoast SEO plugin v27.3 - https:\/\/yoast.com\/product\/yoast-seo-wordpress\/ -->\n<title>Super viikonloppu Kalajoella! - Narraajan<\/title>\n<meta name=\"robots\" content=\"index, follow, max-snippet:-1, max-image-preview:large, max-video-preview:-1\" \/>\n<link rel=\"canonical\" href=\"https:\/\/www.narraajan.fi\/index.php\/2022\/07\/26\/super-viikonloppu-kalajoella\/\" \/>\n<meta property=\"og:locale\" content=\"fi_FI\" \/>\n<meta property=\"og:type\" content=\"article\" \/>\n<meta property=\"og:title\" content=\"Super viikonloppu Kalajoella! - Narraajan\" \/>\n<meta property=\"og:description\" content=\"Etuk\u00e4teen v\u00e4h\u00e4n mietittiin ett\u00e4 haukataanko liian iso pala kakkua nuorten koirien kanssa, jos yritet\u00e4\u00e4n k\u00e4yd\u00e4 kaikki kolme Kalajoen n\u00e4yttely\u00e4 saman viikonlopun aikana. No p\u00e4\u00e4tettiin, ett\u00e4 yritet\u00e4\u00e4n, ja jos kakarat ei jaksa kolmea p\u00e4iv\u00e4\u00e4, j\u00e4tet\u00e4\u00e4n sitten suosiolla joku v\u00e4list\u00e4. Mutta eip\u00e4 huolta, hienosti juoksivat junnukoirat kehiss\u00e4 kaikkin\u00e4 p\u00e4ivin\u00e4 ilman mit\u00e4\u00e4n k\u00e4hin\u00f6it\u00e4 ja kiltisti telttailivat meid\u00e4n kanssa ... Lue lis\u00e4\u00e4\" \/>\n<meta property=\"og:url\" content=\"https:\/\/www.narraajan.fi\/index.php\/2022\/07\/26\/super-viikonloppu-kalajoella\/\" \/>\n<meta property=\"og:site_name\" content=\"Narraajan\" \/>\n<meta property=\"article:publisher\" content=\"https:\/\/www.facebook.com\/Narraajan\" \/>\n<meta property=\"article:author\" content=\"https:\/\/www.facebook.com\/Narraajan\" \/>\n<meta property=\"article:published_time\" content=\"2022-07-26T10:26:51+00:00\" \/>\n<meta property=\"article:modified_time\" content=\"2022-08-29T11:56:27+00:00\" \/>\n<meta property=\"og:image\" content=\"https:\/\/www.narraajan.fi\/wp-content\/uploads\/elementor\/thumbs\/Vaino-psbsx5vegtvlg1eitq0xhzm9x2cwrqy1q8yahmzysc.png\" \/>\n<meta name=\"author\" content=\"Petra\" \/>\n<meta name=\"twitter:card\" content=\"summary_large_image\" \/>\n<meta name=\"twitter:label1\" content=\"Kirjoittanut\" \/>\n\t<meta name=\"twitter:data1\" content=\"Petra\" \/>\n\t<meta name=\"twitter:label2\" content=\"Arvioitu lukuaika\" \/>\n\t<meta name=\"twitter:data2\" content=\"5 minuuttia\" \/>\n<script type=\"application\/ld+json\" class=\"yoast-schema-graph\">{\"@context\":\"https:\\\/\\\/schema.org\",\"@graph\":[{\"@type\":\"Article\",\"@id\":\"https:\\\/\\\/www.narraajan.fi\\\/index.php\\\/2022\\\/07\\\/26\\\/super-viikonloppu-kalajoella\\\/#article\",\"isPartOf\":{\"@id\":\"https:\\\/\\\/www.narraajan.fi\\\/index.php\\\/2022\\\/07\\\/26\\\/super-viikonloppu-kalajoella\\\/\"},\"author\":{\"name\":\"Petra\",\"@id\":\"https:\\\/\\\/www.narraajan.fi\\\/#\\\/schema\\\/person\\\/ebaa60c43ca934da6f0abe1eb700f5da\"},\"headline\":\"Super viikonloppu Kalajoella!\",\"datePublished\":\"2022-07-26T10:26:51+00:00\",\"dateModified\":\"2022-08-29T11:56:27+00:00\",\"mainEntityOfPage\":{\"@id\":\"https:\\\/\\\/www.narraajan.fi\\\/index.php\\\/2022\\\/07\\\/26\\\/super-viikonloppu-kalajoella\\\/\"},\"wordCount\":667,\"image\":{\"@id\":\"https:\\\/\\\/www.narraajan.fi\\\/index.php\\\/2022\\\/07\\\/26\\\/super-viikonloppu-kalajoella\\\/#primaryimage\"},\"thumbnailUrl\":\"https:\\\/\\\/www.narraajan.fi\\\/wp-content\\\/uploads\\\/elementor\\\/thumbs\\\/Vaino-psbsx5vegtvlg1eitq0xhzm9x2cwrqy1q8yahmzysc.png\",\"articleSection\":[\"Kuulumisia\"],\"inLanguage\":\"fi\"},{\"@type\":\"WebPage\",\"@id\":\"https:\\\/\\\/www.narraajan.fi\\\/index.php\\\/2022\\\/07\\\/26\\\/super-viikonloppu-kalajoella\\\/\",\"url\":\"https:\\\/\\\/www.narraajan.fi\\\/index.php\\\/2022\\\/07\\\/26\\\/super-viikonloppu-kalajoella\\\/\",\"name\":\"Super viikonloppu Kalajoella! - Narraajan\",\"isPartOf\":{\"@id\":\"https:\\\/\\\/www.narraajan.fi\\\/#website\"},\"primaryImageOfPage\":{\"@id\":\"https:\\\/\\\/www.narraajan.fi\\\/index.php\\\/2022\\\/07\\\/26\\\/super-viikonloppu-kalajoella\\\/#primaryimage\"},\"image\":{\"@id\":\"https:\\\/\\\/www.narraajan.fi\\\/index.php\\\/2022\\\/07\\\/26\\\/super-viikonloppu-kalajoella\\\/#primaryimage\"},\"thumbnailUrl\":\"https:\\\/\\\/www.narraajan.fi\\\/wp-content\\\/uploads\\\/elementor\\\/thumbs\\\/Vaino-psbsx5vegtvlg1eitq0xhzm9x2cwrqy1q8yahmzysc.png\",\"datePublished\":\"2022-07-26T10:26:51+00:00\",\"dateModified\":\"2022-08-29T11:56:27+00:00\",\"author\":{\"@id\":\"https:\\\/\\\/www.narraajan.fi\\\/#\\\/schema\\\/person\\\/ebaa60c43ca934da6f0abe1eb700f5da\"},\"breadcrumb\":{\"@id\":\"https:\\\/\\\/www.narraajan.fi\\\/index.php\\\/2022\\\/07\\\/26\\\/super-viikonloppu-kalajoella\\\/#breadcrumb\"},\"inLanguage\":\"fi\",\"potentialAction\":[{\"@type\":\"ReadAction\",\"target\":[\"https:\\\/\\\/www.narraajan.fi\\\/index.php\\\/2022\\\/07\\\/26\\\/super-viikonloppu-kalajoella\\\/\"]}]},{\"@type\":\"ImageObject\",\"inLanguage\":\"fi\",\"@id\":\"https:\\\/\\\/www.narraajan.fi\\\/index.php\\\/2022\\\/07\\\/26\\\/super-viikonloppu-kalajoella\\\/#primaryimage\",\"url\":\"https:\\\/\\\/www.narraajan.fi\\\/wp-content\\\/uploads\\\/elementor\\\/thumbs\\\/Vaino-psbsx5vegtvlg1eitq0xhzm9x2cwrqy1q8yahmzysc.png\",\"contentUrl\":\"https:\\\/\\\/www.narraajan.fi\\\/wp-content\\\/uploads\\\/elementor\\\/thumbs\\\/Vaino-psbsx5vegtvlg1eitq0xhzm9x2cwrqy1q8yahmzysc.png\"},{\"@type\":\"BreadcrumbList\",\"@id\":\"https:\\\/\\\/www.narraajan.fi\\\/index.php\\\/2022\\\/07\\\/26\\\/super-viikonloppu-kalajoella\\\/#breadcrumb\",\"itemListElement\":[{\"@type\":\"ListItem\",\"position\":1,\"name\":\"Etusivu\",\"item\":\"https:\\\/\\\/www.narraajan.fi\\\/\"},{\"@type\":\"ListItem\",\"position\":2,\"name\":\"Super viikonloppu Kalajoella!\"}]},{\"@type\":\"WebSite\",\"@id\":\"https:\\\/\\\/www.narraajan.fi\\\/#website\",\"url\":\"https:\\\/\\\/www.narraajan.fi\\\/\",\"name\":\"Narraajan\",\"description\":\"\",\"potentialAction\":[{\"@type\":\"SearchAction\",\"target\":{\"@type\":\"EntryPoint\",\"urlTemplate\":\"https:\\\/\\\/www.narraajan.fi\\\/?s={search_term_string}\"},\"query-input\":{\"@type\":\"PropertyValueSpecification\",\"valueRequired\":true,\"valueName\":\"search_term_string\"}}],\"inLanguage\":\"fi\"},{\"@type\":\"Person\",\"@id\":\"https:\\\/\\\/www.narraajan.fi\\\/#\\\/schema\\\/person\\\/ebaa60c43ca934da6f0abe1eb700f5da\",\"name\":\"Petra\",\"image\":{\"@type\":\"ImageObject\",\"inLanguage\":\"fi\",\"@id\":\"https:\\\/\\\/secure.gravatar.com\\\/avatar\\\/9920f765c55ee9e3045c66b0785aaf5e40ce6cbd248c914947b4d8747a3e3fa5?s=96&d=mm&r=g\",\"url\":\"https:\\\/\\\/secure.gravatar.com\\\/avatar\\\/9920f765c55ee9e3045c66b0785aaf5e40ce6cbd248c914947b4d8747a3e3fa5?s=96&d=mm&r=g\",\"contentUrl\":\"https:\\\/\\\/secure.gravatar.com\\\/avatar\\\/9920f765c55ee9e3045c66b0785aaf5e40ce6cbd248c914947b4d8747a3e3fa5?s=96&d=mm&r=g\",\"caption\":\"Petra\"},\"sameAs\":[\"http:\\\/\\\/www.narraajan.fi\",\"https:\\\/\\\/www.facebook.com\\\/Narraajan\"],\"url\":\"https:\\\/\\\/www.narraajan.fi\\\/index.php\\\/author\\\/admin\\\/\"}]}<\/script>\n<!-- \/ Yoast SEO plugin. -->","yoast_head_json":{"title":"Super viikonloppu Kalajoella! - Narraajan","robots":{"index":"index","follow":"follow","max-snippet":"max-snippet:-1","max-image-preview":"max-image-preview:large","max-video-preview":"max-video-preview:-1"},"canonical":"https:\/\/www.narraajan.fi\/index.php\/2022\/07\/26\/super-viikonloppu-kalajoella\/","og_locale":"fi_FI","og_type":"article","og_title":"Super viikonloppu Kalajoella! - Narraajan","og_description":"Etuk\u00e4teen v\u00e4h\u00e4n mietittiin ett\u00e4 haukataanko liian iso pala kakkua nuorten koirien kanssa, jos yritet\u00e4\u00e4n k\u00e4yd\u00e4 kaikki kolme Kalajoen n\u00e4yttely\u00e4 saman viikonlopun aikana. No p\u00e4\u00e4tettiin, ett\u00e4 yritet\u00e4\u00e4n, ja jos kakarat ei jaksa kolmea p\u00e4iv\u00e4\u00e4, j\u00e4tet\u00e4\u00e4n sitten suosiolla joku v\u00e4list\u00e4. Mutta eip\u00e4 huolta, hienosti juoksivat junnukoirat kehiss\u00e4 kaikkin\u00e4 p\u00e4ivin\u00e4 ilman mit\u00e4\u00e4n k\u00e4hin\u00f6it\u00e4 ja kiltisti telttailivat meid\u00e4n kanssa ... Lue lis\u00e4\u00e4","og_url":"https:\/\/www.narraajan.fi\/index.php\/2022\/07\/26\/super-viikonloppu-kalajoella\/","og_site_name":"Narraajan","article_publisher":"https:\/\/www.facebook.com\/Narraajan","article_author":"https:\/\/www.facebook.com\/Narraajan","article_published_time":"2022-07-26T10:26:51+00:00","article_modified_time":"2022-08-29T11:56:27+00:00","og_image":[{"url":"https:\/\/www.narraajan.fi\/wp-content\/uploads\/elementor\/thumbs\/Vaino-psbsx5vegtvlg1eitq0xhzm9x2cwrqy1q8yahmzysc.png","type":"","width":"","height":""}],"author":"Petra","twitter_card":"summary_large_image","twitter_misc":{"Kirjoittanut":"Petra","Arvioitu lukuaika":"5 minuuttia"},"schema":{"@context":"https:\/\/schema.org","@graph":[{"@type":"Article","@id":"https:\/\/www.narraajan.fi\/index.php\/2022\/07\/26\/super-viikonloppu-kalajoella\/#article","isPartOf":{"@id":"https:\/\/www.narraajan.fi\/index.php\/2022\/07\/26\/super-viikonloppu-kalajoella\/"},"author":{"name":"Petra","@id":"https:\/\/www.narraajan.fi\/#\/schema\/person\/ebaa60c43ca934da6f0abe1eb700f5da"},"headline":"Super viikonloppu Kalajoella!","datePublished":"2022-07-26T10:26:51+00:00","dateModified":"2022-08-29T11:56:27+00:00","mainEntityOfPage":{"@id":"https:\/\/www.narraajan.fi\/index.php\/2022\/07\/26\/super-viikonloppu-kalajoella\/"},"wordCount":667,"image":{"@id":"https:\/\/www.narraajan.fi\/index.php\/2022\/07\/26\/super-viikonloppu-kalajoella\/#primaryimage"},"thumbnailUrl":"https:\/\/www.narraajan.fi\/wp-content\/uploads\/elementor\/thumbs\/Vaino-psbsx5vegtvlg1eitq0xhzm9x2cwrqy1q8yahmzysc.png","articleSection":["Kuulumisia"],"inLanguage":"fi"},{"@type":"WebPage","@id":"https:\/\/www.narraajan.fi\/index.php\/2022\/07\/26\/super-viikonloppu-kalajoella\/","url":"https:\/\/www.narraajan.fi\/index.php\/2022\/07\/26\/super-viikonloppu-kalajoella\/","name":"Super viikonloppu Kalajoella! - Narraajan","isPartOf":{"@id":"https:\/\/www.narraajan.fi\/#website"},"primaryImageOfPage":{"@id":"https:\/\/www.narraajan.fi\/index.php\/2022\/07\/26\/super-viikonloppu-kalajoella\/#primaryimage"},"image":{"@id":"https:\/\/www.narraajan.fi\/index.php\/2022\/07\/26\/super-viikonloppu-kalajoella\/#primaryimage"},"thumbnailUrl":"https:\/\/www.narraajan.fi\/wp-content\/uploads\/elementor\/thumbs\/Vaino-psbsx5vegtvlg1eitq0xhzm9x2cwrqy1q8yahmzysc.png","datePublished":"2022-07-26T10:26:51+00:00","dateModified":"2022-08-29T11:56:27+00:00","author":{"@id":"https:\/\/www.narraajan.fi\/#\/schema\/person\/ebaa60c43ca934da6f0abe1eb700f5da"},"breadcrumb":{"@id":"https:\/\/www.narraajan.fi\/index.php\/2022\/07\/26\/super-viikonloppu-kalajoella\/#breadcrumb"},"inLanguage":"fi","potentialAction":[{"@type":"ReadAction","target":["https:\/\/www.narraajan.fi\/index.php\/2022\/07\/26\/super-viikonloppu-kalajoella\/"]}]},{"@type":"ImageObject","inLanguage":"fi","@id":"https:\/\/www.narraajan.fi\/index.php\/2022\/07\/26\/super-viikonloppu-kalajoella\/#primaryimage","url":"https:\/\/www.narraajan.fi\/wp-content\/uploads\/elementor\/thumbs\/Vaino-psbsx5vegtvlg1eitq0xhzm9x2cwrqy1q8yahmzysc.png","contentUrl":"https:\/\/www.narraajan.fi\/wp-content\/uploads\/elementor\/thumbs\/Vaino-psbsx5vegtvlg1eitq0xhzm9x2cwrqy1q8yahmzysc.png"},{"@type":"BreadcrumbList","@id":"https:\/\/www.narraajan.fi\/index.php\/2022\/07\/26\/super-viikonloppu-kalajoella\/#breadcrumb","itemListElement":[{"@type":"ListItem","position":1,"name":"Etusivu","item":"https:\/\/www.narraajan.fi\/"},{"@type":"ListItem","position":2,"name":"Super viikonloppu Kalajoella!"}]},{"@type":"WebSite","@id":"https:\/\/www.narraajan.fi\/#website","url":"https:\/\/www.narraajan.fi\/","name":"Narraajan","description":"","potentialAction":[{"@type":"SearchAction","target":{"@type":"EntryPoint","urlTemplate":"https:\/\/www.narraajan.fi\/?s={search_term_string}"},"query-input":{"@type":"PropertyValueSpecification","valueRequired":true,"valueName":"search_term_string"}}],"inLanguage":"fi"},{"@type":"Person","@id":"https:\/\/www.narraajan.fi\/#\/schema\/person\/ebaa60c43ca934da6f0abe1eb700f5da","name":"Petra","image":{"@type":"ImageObject","inLanguage":"fi","@id":"https:\/\/secure.gravatar.com\/avatar\/9920f765c55ee9e3045c66b0785aaf5e40ce6cbd248c914947b4d8747a3e3fa5?s=96&d=mm&r=g","url":"https:\/\/secure.gravatar.com\/avatar\/9920f765c55ee9e3045c66b0785aaf5e40ce6cbd248c914947b4d8747a3e3fa5?s=96&d=mm&r=g","contentUrl":"https:\/\/secure.gravatar.com\/avatar\/9920f765c55ee9e3045c66b0785aaf5e40ce6cbd248c914947b4d8747a3e3fa5?s=96&d=mm&r=g","caption":"Petra"},"sameAs":["http:\/\/www.narraajan.fi","https:\/\/www.facebook.com\/Narraajan"],"url":"https:\/\/www.narraajan.fi\/index.php\/author\/admin\/"}]}},"_links":{"self":[{"href":"https:\/\/www.narraajan.fi\/index.php\/wp-json\/wp\/v2\/posts\/1575","targetHints":{"allow":["GET"]}}],"collection":[{"href":"https:\/\/www.narraajan.fi\/index.php\/wp-json\/wp\/v2\/posts"}],"about":[{"href":"https:\/\/www.narraajan.fi\/index.php\/wp-json\/wp\/v2\/types\/post"}],"author":[{"embeddable":true,"href":"https:\/\/www.narraajan.fi\/index.php\/wp-json\/wp\/v2\/users\/1"}],"replies":[{"embeddable":true,"href":"https:\/\/www.narraajan.fi\/index.php\/wp-json\/wp\/v2\/comments?post=1575"}],"version-history":[{"count":30,"href":"https:\/\/www.narraajan.fi\/index.php\/wp-json\/wp\/v2\/posts\/1575\/revisions"}],"predecessor-version":[{"id":1736,"href":"https:\/\/www.narraajan.fi\/index.php\/wp-json\/wp\/v2\/posts\/1575\/revisions\/1736"}],"wp:attachment":[{"href":"https:\/\/www.narraajan.fi\/index.php\/wp-json\/wp\/v2\/media?parent=1575"}],"wp:term":[{"taxonomy":"category","embeddable":true,"href":"https:\/\/www.narraajan.fi\/index.php\/wp-json\/wp\/v2\/categories?post=1575"},{"taxonomy":"post_tag","embeddable":true,"href":"https:\/\/www.narraajan.fi\/index.php\/wp-json\/wp\/v2\/tags?post=1575"}],"curies":[{"name":"wp","href":"https:\/\/api.w.org\/{rel}","templated":true}]}}