{"id":1756,"date":"2022-09-05T07:30:06","date_gmt":"2022-09-05T07:30:06","guid":{"rendered":"https:\/\/www.narraajan.fi\/?p=1756"},"modified":"2022-09-05T07:35:50","modified_gmt":"2022-09-05T07:35:50","slug":"hyvinkaa-helsinki-ja-oulu","status":"publish","type":"post","link":"https:\/\/www.narraajan.fi\/index.php\/2022\/09\/05\/hyvinkaa-helsinki-ja-oulu\/","title":{"rendered":"Hyvink\u00e4\u00e4, Helsinki ja Oulu"},"content":{"rendered":"\t\t<div data-elementor-type=\"wp-post\" data-elementor-id=\"1756\" class=\"elementor elementor-1756\">\n\t\t\t\t\t\t<section class=\"elementor-section elementor-top-section elementor-element elementor-element-da7652d elementor-section-boxed elementor-section-height-default elementor-section-height-default\" data-id=\"da7652d\" data-element_type=\"section\" data-e-type=\"section\">\n\t\t\t\t\t\t<div class=\"elementor-container elementor-column-gap-default\">\n\t\t\t\t\t<div class=\"elementor-column elementor-col-100 elementor-top-column elementor-element elementor-element-1ae5889\" data-id=\"1ae5889\" data-element_type=\"column\" data-e-type=\"column\">\n\t\t\t<div class=\"elementor-widget-wrap elementor-element-populated\">\n\t\t\t\t\t\t<div class=\"elementor-element elementor-element-f7da7a8 elementor-widget elementor-widget-image\" data-id=\"f7da7a8\" data-element_type=\"widget\" data-e-type=\"widget\" data-widget_type=\"image.default\">\n\t\t\t\t<div class=\"elementor-widget-container\">\n\t\t\t\t\t\t\t\t\t\t\t\t<figure class=\"wp-caption\">\n\t\t\t\t\t\t\t\t\t\t<img fetchpriority=\"high\" decoding=\"async\" width=\"1024\" height=\"844\" src=\"https:\/\/www.narraajan.fi\/wp-content\/uploads\/2022\/09\/Nero-1024x844.jpg\" class=\"attachment-large size-large wp-image-1758\" alt=\"\" srcset=\"https:\/\/www.narraajan.fi\/wp-content\/uploads\/2022\/09\/Nero-1024x844.jpg 1024w, https:\/\/www.narraajan.fi\/wp-content\/uploads\/2022\/09\/Nero-300x247.jpg 300w, https:\/\/www.narraajan.fi\/wp-content\/uploads\/2022\/09\/Nero-768x633.jpg 768w, https:\/\/www.narraajan.fi\/wp-content\/uploads\/2022\/09\/Nero-1536x1266.jpg 1536w, https:\/\/www.narraajan.fi\/wp-content\/uploads\/2022\/09\/Nero-2048x1688.jpg 2048w\" sizes=\"(max-width: 1024px) 100vw, 1024px\" \/>\t\t\t\t\t\t\t\t\t\t\t<figcaption class=\"widget-image-caption wp-caption-text\">Kuva: Eveliina Kammonen<\/figcaption>\n\t\t\t\t\t\t\t\t\t\t<\/figure>\n\t\t\t\t\t\t\t\t\t<\/div>\n\t\t\t\t<\/div>\n\t\t\t\t\t<\/div>\n\t\t<\/div>\n\t\t\t\t\t<\/div>\n\t\t<\/section>\n\t\t\t\t<section class=\"elementor-section elementor-top-section elementor-element elementor-element-409502e elementor-section-boxed elementor-section-height-default elementor-section-height-default\" data-id=\"409502e\" data-element_type=\"section\" data-e-type=\"section\">\n\t\t\t\t\t\t<div class=\"elementor-container elementor-column-gap-default\">\n\t\t\t\t\t<div class=\"elementor-column elementor-col-100 elementor-top-column elementor-element elementor-element-ae2ec26\" data-id=\"ae2ec26\" data-element_type=\"column\" data-e-type=\"column\">\n\t\t\t<div class=\"elementor-widget-wrap elementor-element-populated\">\n\t\t\t\t\t\t<div class=\"elementor-element elementor-element-81ac022 elementor-widget elementor-widget-text-editor\" data-id=\"81ac022\" data-element_type=\"widget\" data-e-type=\"widget\" data-widget_type=\"text-editor.default\">\n\t\t\t\t<div class=\"elementor-widget-container\">\n\t\t\t\t\t\t\t\t\t<p>Syksyisen s\u00e4\u00e4n vallitessa oltiin n\u00e4yttelyiss\u00e4 viikonloppuna sek\u00e4 etel\u00e4ss\u00e4 ett\u00e4 pohjoisessa. Vaikka s\u00e4\u00e4 olikin kolea, mukavat tulokset l\u00e4mmittiv\u00e4t mielt\u00e4.\u00a0<\/p><p>Nero (Narraajan Preiskarin Vartija) oli lauantain keh\u00e4ss\u00e4 Hyvink\u00e4\u00e4n ryhm\u00e4n\u00e4yttelyss\u00e4. Snautsereita n\u00e4yttelyss\u00e4 arvioi saksalainen erikoistuomari Birgit Bischoff. Nero nousi hienosti paras uros luokassa kakkoseksi is\u00e4ns\u00e4 per\u00e4ss\u00e4. Nero oli my\u00f6s rotunsa paras juniori. Is\u00e4 Severi (Bonzen Ganesha) edusti hienosti snautserirotua loppukehiss\u00e4, voittaen ensin kakkosryhm\u00e4n ja ollen lopulta BIS2!!! Ihan huikean hienoa, onnea hurjasti Severille ja taustajoukoille! Kakaroiden Martta-mummo (Bonzen Cecilia) oli VSP.<\/p><p>Nero jatkoi n\u00e4yttelyviikonloppua my\u00f6s sunnuntaina. Silloin oli vuorossa Helsingin Vetcare syysn\u00e4yttely, joka oli Nord-n\u00e4yttely. Snautsereilla tuomarina oli Teija Salmi-Aalto. Nero oli PU3 ja Rop-juniori. Is\u00e4 Severi taas hienosti ROP.\u00a0<\/p><p>Oulussa n\u00e4yteltiin kylm\u00e4ss\u00e4 s\u00e4\u00e4ss\u00e4 sunnuntaina kaikkien rotujen n\u00e4yttelyss\u00e4. Snautsereilta hemmoteltiin viikonloppuna tuomareiden suhteen, sill\u00e4 t\u00e4\u00e4ll\u00e4kin n\u00e4yttelyss\u00e4 oli tuomarina rodun erikoistuomari, kasvattaja Kirsi Heino. Noman (Narraajan Pohjoisesta Tuulee) k\u00e4ytiin py\u00f6r\u00e4ht\u00e4m\u00e4ss\u00e4 keh\u00e4ss\u00e4 tuloksella ERI2. Oulussa my\u00f6s saatiin snautserisijoittuja ryhm\u00e4\u00e4n, kun K\u00e4rkk\u00e4isten Nettl Greit Prime Rose Mihan&#8217;s sijoittui upeasti toiseksi!\u00a0<\/p><p>V\u00e4hiin k\u00e4y ulkon\u00e4yttelyt ilmojen vaihduttua kes\u00e4n l\u00e4mp\u00f6isist\u00e4 syksyn viileiksi. Oulussakin mentiin toppatakit p\u00e4\u00e4ll\u00e4 villasukat jalassa ja siltikin tuli ajoittain kylm\u00e4. Etel\u00e4ss\u00e4 on viel\u00e4 muutama ulkon\u00e4yttely j\u00e4ljell\u00e4, t\u00e4\u00e4ll\u00e4 pohjoisessa j\u00e4\u00e4d\u00e4\u00e4n odottamaan sis\u00e4n\u00e4yttelykautta. Viikonloppuina ehtii onneksi tuonne luontoon liikkumaan, syksyisess\u00e4 mets\u00e4ss\u00e4 lenkkeilless\u00e4 hermo lep\u00e4\u00e4.<\/p>\t\t\t\t\t\t\t\t<\/div>\n\t\t\t\t<\/div>\n\t\t\t\t\t<\/div>\n\t\t<\/div>\n\t\t\t\t\t<\/div>\n\t\t<\/section>\n\t\t\t\t<section class=\"elementor-section elementor-top-section elementor-element elementor-element-d71902f elementor-section-boxed elementor-section-height-default elementor-section-height-default\" data-id=\"d71902f\" data-element_type=\"section\" data-e-type=\"section\">\n\t\t\t\t\t\t<div class=\"elementor-container elementor-column-gap-default\">\n\t\t\t\t\t<div class=\"elementor-column elementor-col-100 elementor-top-column elementor-element elementor-element-267587c\" data-id=\"267587c\" data-element_type=\"column\" data-e-type=\"column\">\n\t\t\t<div class=\"elementor-widget-wrap elementor-element-populated\">\n\t\t\t\t\t\t<div class=\"elementor-element elementor-element-57b3b3a elementor-widget elementor-widget-image\" data-id=\"57b3b3a\" data-element_type=\"widget\" data-e-type=\"widget\" data-widget_type=\"image.default\">\n\t\t\t\t<div class=\"elementor-widget-container\">\n\t\t\t\t\t\t\t\t\t\t\t\t<figure class=\"wp-caption\">\n\t\t\t\t\t\t\t\t\t\t<img decoding=\"async\" src=\"https:\/\/www.narraajan.fi\/wp-content\/uploads\/elementor\/thumbs\/Nero3-pub0r5c60x1yfsped51h7h78nmbt8x9u59idxq7aps.jpg\" title=\"Nero\" alt=\"Nero\" loading=\"lazy\" \/>\t\t\t\t\t\t\t\t\t\t\t<figcaption class=\"widget-image-caption wp-caption-text\">Kuva: Suvi Rautiainen<\/figcaption>\n\t\t\t\t\t\t\t\t\t\t<\/figure>\n\t\t\t\t\t\t\t\t\t<\/div>\n\t\t\t\t<\/div>\n\t\t\t\t\t<\/div>\n\t\t<\/div>\n\t\t\t\t\t<\/div>\n\t\t<\/section>\n\t\t\t\t<\/div>\n\t\t","protected":false},"excerpt":{"rendered":"<p>Kuva: Eveliina Kammonen Syksyisen s\u00e4\u00e4n vallitessa oltiin n\u00e4yttelyiss\u00e4 viikonloppuna sek\u00e4 etel\u00e4ss\u00e4 ett\u00e4 pohjoisessa. Vaikka s\u00e4\u00e4 olikin kolea, mukavat tulokset l\u00e4mmittiv\u00e4t mielt\u00e4.\u00a0 Nero (Narraajan Preiskarin Vartija) oli lauantain keh\u00e4ss\u00e4 Hyvink\u00e4\u00e4n ryhm\u00e4n\u00e4yttelyss\u00e4. Snautsereita n\u00e4yttelyss\u00e4 arvioi saksalainen erikoistuomari Birgit Bischoff. Nero nousi hienosti paras uros luokassa kakkoseksi is\u00e4ns\u00e4 per\u00e4ss\u00e4. Nero oli my\u00f6s rotunsa paras juniori. Is\u00e4 Severi (Bonzen &#8230; <a title=\"Hyvink\u00e4\u00e4, Helsinki ja Oulu\" class=\"read-more\" href=\"https:\/\/www.narraajan.fi\/index.php\/2022\/09\/05\/hyvinkaa-helsinki-ja-oulu\/\" aria-label=\"Lue lis\u00e4\u00e4 aiheesta Hyvink\u00e4\u00e4, Helsinki ja Oulu\">Lue lis\u00e4\u00e4<\/a><\/p>\n","protected":false},"author":1,"featured_media":0,"comment_status":"closed","ping_status":"open","sticky":false,"template":"","format":"status","meta":{"footnotes":""},"categories":[16],"tags":[],"class_list":["post-1756","post","type-post","status-publish","format-status","hentry","category-kuulumisia","post_format-post-format-status"],"yoast_head":"<!-- This site is optimized with the Yoast SEO plugin v27.3 - https:\/\/yoast.com\/product\/yoast-seo-wordpress\/ -->\n<title>Hyvink\u00e4\u00e4, Helsinki ja Oulu - Narraajan<\/title>\n<meta name=\"robots\" content=\"index, follow, max-snippet:-1, max-image-preview:large, max-video-preview:-1\" \/>\n<link rel=\"canonical\" href=\"https:\/\/www.narraajan.fi\/index.php\/2022\/09\/05\/hyvinkaa-helsinki-ja-oulu\/\" \/>\n<meta property=\"og:locale\" content=\"fi_FI\" \/>\n<meta property=\"og:type\" content=\"article\" \/>\n<meta property=\"og:title\" content=\"Hyvink\u00e4\u00e4, Helsinki ja Oulu - Narraajan\" \/>\n<meta property=\"og:description\" content=\"Kuva: Eveliina Kammonen Syksyisen s\u00e4\u00e4n vallitessa oltiin n\u00e4yttelyiss\u00e4 viikonloppuna sek\u00e4 etel\u00e4ss\u00e4 ett\u00e4 pohjoisessa. Vaikka s\u00e4\u00e4 olikin kolea, mukavat tulokset l\u00e4mmittiv\u00e4t mielt\u00e4.\u00a0 Nero (Narraajan Preiskarin Vartija) oli lauantain keh\u00e4ss\u00e4 Hyvink\u00e4\u00e4n ryhm\u00e4n\u00e4yttelyss\u00e4. Snautsereita n\u00e4yttelyss\u00e4 arvioi saksalainen erikoistuomari Birgit Bischoff. Nero nousi hienosti paras uros luokassa kakkoseksi is\u00e4ns\u00e4 per\u00e4ss\u00e4. Nero oli my\u00f6s rotunsa paras juniori. Is\u00e4 Severi (Bonzen ... Lue lis\u00e4\u00e4\" \/>\n<meta property=\"og:url\" content=\"https:\/\/www.narraajan.fi\/index.php\/2022\/09\/05\/hyvinkaa-helsinki-ja-oulu\/\" \/>\n<meta property=\"og:site_name\" content=\"Narraajan\" \/>\n<meta property=\"article:publisher\" content=\"https:\/\/www.facebook.com\/Narraajan\" \/>\n<meta property=\"article:author\" content=\"https:\/\/www.facebook.com\/Narraajan\" \/>\n<meta property=\"article:published_time\" content=\"2022-09-05T07:30:06+00:00\" \/>\n<meta property=\"article:modified_time\" content=\"2022-09-05T07:35:50+00:00\" \/>\n<meta property=\"og:image\" content=\"https:\/\/www.narraajan.fi\/wp-content\/uploads\/2022\/09\/Nero-1024x844.jpg\" \/>\n<meta name=\"author\" content=\"Petra\" \/>\n<meta name=\"twitter:card\" content=\"summary_large_image\" \/>\n<meta name=\"twitter:label1\" content=\"Kirjoittanut\" \/>\n\t<meta name=\"twitter:data1\" content=\"Petra\" \/>\n\t<meta name=\"twitter:label2\" content=\"Arvioitu lukuaika\" \/>\n\t<meta name=\"twitter:data2\" content=\"2 minuuttia\" \/>\n<script type=\"application\/ld+json\" class=\"yoast-schema-graph\">{\"@context\":\"https:\\\/\\\/schema.org\",\"@graph\":[{\"@type\":\"Article\",\"@id\":\"https:\\\/\\\/www.narraajan.fi\\\/index.php\\\/2022\\\/09\\\/05\\\/hyvinkaa-helsinki-ja-oulu\\\/#article\",\"isPartOf\":{\"@id\":\"https:\\\/\\\/www.narraajan.fi\\\/index.php\\\/2022\\\/09\\\/05\\\/hyvinkaa-helsinki-ja-oulu\\\/\"},\"author\":{\"name\":\"Petra\",\"@id\":\"https:\\\/\\\/www.narraajan.fi\\\/#\\\/schema\\\/person\\\/ebaa60c43ca934da6f0abe1eb700f5da\"},\"headline\":\"Hyvink\u00e4\u00e4, Helsinki ja Oulu\",\"datePublished\":\"2022-09-05T07:30:06+00:00\",\"dateModified\":\"2022-09-05T07:35:50+00:00\",\"mainEntityOfPage\":{\"@id\":\"https:\\\/\\\/www.narraajan.fi\\\/index.php\\\/2022\\\/09\\\/05\\\/hyvinkaa-helsinki-ja-oulu\\\/\"},\"wordCount\":257,\"image\":{\"@id\":\"https:\\\/\\\/www.narraajan.fi\\\/index.php\\\/2022\\\/09\\\/05\\\/hyvinkaa-helsinki-ja-oulu\\\/#primaryimage\"},\"thumbnailUrl\":\"https:\\\/\\\/www.narraajan.fi\\\/wp-content\\\/uploads\\\/2022\\\/09\\\/Nero-1024x844.jpg\",\"articleSection\":[\"Kuulumisia\"],\"inLanguage\":\"fi\"},{\"@type\":\"WebPage\",\"@id\":\"https:\\\/\\\/www.narraajan.fi\\\/index.php\\\/2022\\\/09\\\/05\\\/hyvinkaa-helsinki-ja-oulu\\\/\",\"url\":\"https:\\\/\\\/www.narraajan.fi\\\/index.php\\\/2022\\\/09\\\/05\\\/hyvinkaa-helsinki-ja-oulu\\\/\",\"name\":\"Hyvink\u00e4\u00e4, Helsinki ja Oulu - Narraajan\",\"isPartOf\":{\"@id\":\"https:\\\/\\\/www.narraajan.fi\\\/#website\"},\"primaryImageOfPage\":{\"@id\":\"https:\\\/\\\/www.narraajan.fi\\\/index.php\\\/2022\\\/09\\\/05\\\/hyvinkaa-helsinki-ja-oulu\\\/#primaryimage\"},\"image\":{\"@id\":\"https:\\\/\\\/www.narraajan.fi\\\/index.php\\\/2022\\\/09\\\/05\\\/hyvinkaa-helsinki-ja-oulu\\\/#primaryimage\"},\"thumbnailUrl\":\"https:\\\/\\\/www.narraajan.fi\\\/wp-content\\\/uploads\\\/2022\\\/09\\\/Nero-1024x844.jpg\",\"datePublished\":\"2022-09-05T07:30:06+00:00\",\"dateModified\":\"2022-09-05T07:35:50+00:00\",\"author\":{\"@id\":\"https:\\\/\\\/www.narraajan.fi\\\/#\\\/schema\\\/person\\\/ebaa60c43ca934da6f0abe1eb700f5da\"},\"breadcrumb\":{\"@id\":\"https:\\\/\\\/www.narraajan.fi\\\/index.php\\\/2022\\\/09\\\/05\\\/hyvinkaa-helsinki-ja-oulu\\\/#breadcrumb\"},\"inLanguage\":\"fi\",\"potentialAction\":[{\"@type\":\"ReadAction\",\"target\":[\"https:\\\/\\\/www.narraajan.fi\\\/index.php\\\/2022\\\/09\\\/05\\\/hyvinkaa-helsinki-ja-oulu\\\/\"]}]},{\"@type\":\"ImageObject\",\"inLanguage\":\"fi\",\"@id\":\"https:\\\/\\\/www.narraajan.fi\\\/index.php\\\/2022\\\/09\\\/05\\\/hyvinkaa-helsinki-ja-oulu\\\/#primaryimage\",\"url\":\"https:\\\/\\\/www.narraajan.fi\\\/wp-content\\\/uploads\\\/2022\\\/09\\\/Nero-1024x844.jpg\",\"contentUrl\":\"https:\\\/\\\/www.narraajan.fi\\\/wp-content\\\/uploads\\\/2022\\\/09\\\/Nero-1024x844.jpg\"},{\"@type\":\"BreadcrumbList\",\"@id\":\"https:\\\/\\\/www.narraajan.fi\\\/index.php\\\/2022\\\/09\\\/05\\\/hyvinkaa-helsinki-ja-oulu\\\/#breadcrumb\",\"itemListElement\":[{\"@type\":\"ListItem\",\"position\":1,\"name\":\"Etusivu\",\"item\":\"https:\\\/\\\/www.narraajan.fi\\\/\"},{\"@type\":\"ListItem\",\"position\":2,\"name\":\"Hyvink\u00e4\u00e4, Helsinki ja Oulu\"}]},{\"@type\":\"WebSite\",\"@id\":\"https:\\\/\\\/www.narraajan.fi\\\/#website\",\"url\":\"https:\\\/\\\/www.narraajan.fi\\\/\",\"name\":\"Narraajan\",\"description\":\"\",\"potentialAction\":[{\"@type\":\"SearchAction\",\"target\":{\"@type\":\"EntryPoint\",\"urlTemplate\":\"https:\\\/\\\/www.narraajan.fi\\\/?s={search_term_string}\"},\"query-input\":{\"@type\":\"PropertyValueSpecification\",\"valueRequired\":true,\"valueName\":\"search_term_string\"}}],\"inLanguage\":\"fi\"},{\"@type\":\"Person\",\"@id\":\"https:\\\/\\\/www.narraajan.fi\\\/#\\\/schema\\\/person\\\/ebaa60c43ca934da6f0abe1eb700f5da\",\"name\":\"Petra\",\"image\":{\"@type\":\"ImageObject\",\"inLanguage\":\"fi\",\"@id\":\"https:\\\/\\\/secure.gravatar.com\\\/avatar\\\/9920f765c55ee9e3045c66b0785aaf5e40ce6cbd248c914947b4d8747a3e3fa5?s=96&d=mm&r=g\",\"url\":\"https:\\\/\\\/secure.gravatar.com\\\/avatar\\\/9920f765c55ee9e3045c66b0785aaf5e40ce6cbd248c914947b4d8747a3e3fa5?s=96&d=mm&r=g\",\"contentUrl\":\"https:\\\/\\\/secure.gravatar.com\\\/avatar\\\/9920f765c55ee9e3045c66b0785aaf5e40ce6cbd248c914947b4d8747a3e3fa5?s=96&d=mm&r=g\",\"caption\":\"Petra\"},\"sameAs\":[\"http:\\\/\\\/www.narraajan.fi\",\"https:\\\/\\\/www.facebook.com\\\/Narraajan\"],\"url\":\"https:\\\/\\\/www.narraajan.fi\\\/index.php\\\/author\\\/admin\\\/\"}]}<\/script>\n<!-- \/ Yoast SEO plugin. -->","yoast_head_json":{"title":"Hyvink\u00e4\u00e4, Helsinki ja Oulu - Narraajan","robots":{"index":"index","follow":"follow","max-snippet":"max-snippet:-1","max-image-preview":"max-image-preview:large","max-video-preview":"max-video-preview:-1"},"canonical":"https:\/\/www.narraajan.fi\/index.php\/2022\/09\/05\/hyvinkaa-helsinki-ja-oulu\/","og_locale":"fi_FI","og_type":"article","og_title":"Hyvink\u00e4\u00e4, Helsinki ja Oulu - Narraajan","og_description":"Kuva: Eveliina Kammonen Syksyisen s\u00e4\u00e4n vallitessa oltiin n\u00e4yttelyiss\u00e4 viikonloppuna sek\u00e4 etel\u00e4ss\u00e4 ett\u00e4 pohjoisessa. Vaikka s\u00e4\u00e4 olikin kolea, mukavat tulokset l\u00e4mmittiv\u00e4t mielt\u00e4.\u00a0 Nero (Narraajan Preiskarin Vartija) oli lauantain keh\u00e4ss\u00e4 Hyvink\u00e4\u00e4n ryhm\u00e4n\u00e4yttelyss\u00e4. Snautsereita n\u00e4yttelyss\u00e4 arvioi saksalainen erikoistuomari Birgit Bischoff. Nero nousi hienosti paras uros luokassa kakkoseksi is\u00e4ns\u00e4 per\u00e4ss\u00e4. Nero oli my\u00f6s rotunsa paras juniori. Is\u00e4 Severi (Bonzen ... Lue lis\u00e4\u00e4","og_url":"https:\/\/www.narraajan.fi\/index.php\/2022\/09\/05\/hyvinkaa-helsinki-ja-oulu\/","og_site_name":"Narraajan","article_publisher":"https:\/\/www.facebook.com\/Narraajan","article_author":"https:\/\/www.facebook.com\/Narraajan","article_published_time":"2022-09-05T07:30:06+00:00","article_modified_time":"2022-09-05T07:35:50+00:00","og_image":[{"url":"https:\/\/www.narraajan.fi\/wp-content\/uploads\/2022\/09\/Nero-1024x844.jpg","type":"","width":"","height":""}],"author":"Petra","twitter_card":"summary_large_image","twitter_misc":{"Kirjoittanut":"Petra","Arvioitu lukuaika":"2 minuuttia"},"schema":{"@context":"https:\/\/schema.org","@graph":[{"@type":"Article","@id":"https:\/\/www.narraajan.fi\/index.php\/2022\/09\/05\/hyvinkaa-helsinki-ja-oulu\/#article","isPartOf":{"@id":"https:\/\/www.narraajan.fi\/index.php\/2022\/09\/05\/hyvinkaa-helsinki-ja-oulu\/"},"author":{"name":"Petra","@id":"https:\/\/www.narraajan.fi\/#\/schema\/person\/ebaa60c43ca934da6f0abe1eb700f5da"},"headline":"Hyvink\u00e4\u00e4, Helsinki ja Oulu","datePublished":"2022-09-05T07:30:06+00:00","dateModified":"2022-09-05T07:35:50+00:00","mainEntityOfPage":{"@id":"https:\/\/www.narraajan.fi\/index.php\/2022\/09\/05\/hyvinkaa-helsinki-ja-oulu\/"},"wordCount":257,"image":{"@id":"https:\/\/www.narraajan.fi\/index.php\/2022\/09\/05\/hyvinkaa-helsinki-ja-oulu\/#primaryimage"},"thumbnailUrl":"https:\/\/www.narraajan.fi\/wp-content\/uploads\/2022\/09\/Nero-1024x844.jpg","articleSection":["Kuulumisia"],"inLanguage":"fi"},{"@type":"WebPage","@id":"https:\/\/www.narraajan.fi\/index.php\/2022\/09\/05\/hyvinkaa-helsinki-ja-oulu\/","url":"https:\/\/www.narraajan.fi\/index.php\/2022\/09\/05\/hyvinkaa-helsinki-ja-oulu\/","name":"Hyvink\u00e4\u00e4, Helsinki ja Oulu - Narraajan","isPartOf":{"@id":"https:\/\/www.narraajan.fi\/#website"},"primaryImageOfPage":{"@id":"https:\/\/www.narraajan.fi\/index.php\/2022\/09\/05\/hyvinkaa-helsinki-ja-oulu\/#primaryimage"},"image":{"@id":"https:\/\/www.narraajan.fi\/index.php\/2022\/09\/05\/hyvinkaa-helsinki-ja-oulu\/#primaryimage"},"thumbnailUrl":"https:\/\/www.narraajan.fi\/wp-content\/uploads\/2022\/09\/Nero-1024x844.jpg","datePublished":"2022-09-05T07:30:06+00:00","dateModified":"2022-09-05T07:35:50+00:00","author":{"@id":"https:\/\/www.narraajan.fi\/#\/schema\/person\/ebaa60c43ca934da6f0abe1eb700f5da"},"breadcrumb":{"@id":"https:\/\/www.narraajan.fi\/index.php\/2022\/09\/05\/hyvinkaa-helsinki-ja-oulu\/#breadcrumb"},"inLanguage":"fi","potentialAction":[{"@type":"ReadAction","target":["https:\/\/www.narraajan.fi\/index.php\/2022\/09\/05\/hyvinkaa-helsinki-ja-oulu\/"]}]},{"@type":"ImageObject","inLanguage":"fi","@id":"https:\/\/www.narraajan.fi\/index.php\/2022\/09\/05\/hyvinkaa-helsinki-ja-oulu\/#primaryimage","url":"https:\/\/www.narraajan.fi\/wp-content\/uploads\/2022\/09\/Nero-1024x844.jpg","contentUrl":"https:\/\/www.narraajan.fi\/wp-content\/uploads\/2022\/09\/Nero-1024x844.jpg"},{"@type":"BreadcrumbList","@id":"https:\/\/www.narraajan.fi\/index.php\/2022\/09\/05\/hyvinkaa-helsinki-ja-oulu\/#breadcrumb","itemListElement":[{"@type":"ListItem","position":1,"name":"Etusivu","item":"https:\/\/www.narraajan.fi\/"},{"@type":"ListItem","position":2,"name":"Hyvink\u00e4\u00e4, Helsinki ja Oulu"}]},{"@type":"WebSite","@id":"https:\/\/www.narraajan.fi\/#website","url":"https:\/\/www.narraajan.fi\/","name":"Narraajan","description":"","potentialAction":[{"@type":"SearchAction","target":{"@type":"EntryPoint","urlTemplate":"https:\/\/www.narraajan.fi\/?s={search_term_string}"},"query-input":{"@type":"PropertyValueSpecification","valueRequired":true,"valueName":"search_term_string"}}],"inLanguage":"fi"},{"@type":"Person","@id":"https:\/\/www.narraajan.fi\/#\/schema\/person\/ebaa60c43ca934da6f0abe1eb700f5da","name":"Petra","image":{"@type":"ImageObject","inLanguage":"fi","@id":"https:\/\/secure.gravatar.com\/avatar\/9920f765c55ee9e3045c66b0785aaf5e40ce6cbd248c914947b4d8747a3e3fa5?s=96&d=mm&r=g","url":"https:\/\/secure.gravatar.com\/avatar\/9920f765c55ee9e3045c66b0785aaf5e40ce6cbd248c914947b4d8747a3e3fa5?s=96&d=mm&r=g","contentUrl":"https:\/\/secure.gravatar.com\/avatar\/9920f765c55ee9e3045c66b0785aaf5e40ce6cbd248c914947b4d8747a3e3fa5?s=96&d=mm&r=g","caption":"Petra"},"sameAs":["http:\/\/www.narraajan.fi","https:\/\/www.facebook.com\/Narraajan"],"url":"https:\/\/www.narraajan.fi\/index.php\/author\/admin\/"}]}},"_links":{"self":[{"href":"https:\/\/www.narraajan.fi\/index.php\/wp-json\/wp\/v2\/posts\/1756","targetHints":{"allow":["GET"]}}],"collection":[{"href":"https:\/\/www.narraajan.fi\/index.php\/wp-json\/wp\/v2\/posts"}],"about":[{"href":"https:\/\/www.narraajan.fi\/index.php\/wp-json\/wp\/v2\/types\/post"}],"author":[{"embeddable":true,"href":"https:\/\/www.narraajan.fi\/index.php\/wp-json\/wp\/v2\/users\/1"}],"replies":[{"embeddable":true,"href":"https:\/\/www.narraajan.fi\/index.php\/wp-json\/wp\/v2\/comments?post=1756"}],"version-history":[{"count":5,"href":"https:\/\/www.narraajan.fi\/index.php\/wp-json\/wp\/v2\/posts\/1756\/revisions"}],"predecessor-version":[{"id":1763,"href":"https:\/\/www.narraajan.fi\/index.php\/wp-json\/wp\/v2\/posts\/1756\/revisions\/1763"}],"wp:attachment":[{"href":"https:\/\/www.narraajan.fi\/index.php\/wp-json\/wp\/v2\/media?parent=1756"}],"wp:term":[{"taxonomy":"category","embeddable":true,"href":"https:\/\/www.narraajan.fi\/index.php\/wp-json\/wp\/v2\/categories?post=1756"},{"taxonomy":"post_tag","embeddable":true,"href":"https:\/\/www.narraajan.fi\/index.php\/wp-json\/wp\/v2\/tags?post=1756"}],"curies":[{"name":"wp","href":"https:\/\/api.w.org\/{rel}","templated":true}]}}