{"id":2169,"date":"2023-07-12T08:30:47","date_gmt":"2023-07-12T08:30:47","guid":{"rendered":"https:\/\/www.narraajan.fi\/?p=2169"},"modified":"2023-07-12T08:31:29","modified_gmt":"2023-07-12T08:31:29","slug":"kesan-nayttelykausi-pyorahti-kayntiin-helsinki-kv-espoo-rn-erkkari-rovaniemi-kv-jyvaskyla-kv","status":"publish","type":"post","link":"https:\/\/www.narraajan.fi\/index.php\/2023\/07\/12\/kesan-nayttelykausi-pyorahti-kayntiin-helsinki-kv-espoo-rn-erkkari-rovaniemi-kv-jyvaskyla-kv\/","title":{"rendered":"Kes\u00e4n n\u00e4yttelykausi py\u00f6r\u00e4hti k\u00e4yntiin&#8230;"},"content":{"rendered":"\t\t<div data-elementor-type=\"wp-post\" data-elementor-id=\"2169\" class=\"elementor elementor-2169\">\n\t\t\t\t\t\t<section class=\"elementor-section elementor-top-section elementor-element elementor-element-7776ccc elementor-section-boxed elementor-section-height-default elementor-section-height-default\" data-id=\"7776ccc\" data-element_type=\"section\" data-e-type=\"section\">\n\t\t\t\t\t\t<div class=\"elementor-container elementor-column-gap-default\">\n\t\t\t\t\t<div class=\"elementor-column elementor-col-100 elementor-top-column elementor-element elementor-element-d219513\" data-id=\"d219513\" data-element_type=\"column\" data-e-type=\"column\">\n\t\t\t<div class=\"elementor-widget-wrap elementor-element-populated\">\n\t\t\t\t\t\t<div class=\"elementor-element elementor-element-4a5766b elementor-widget elementor-widget-heading\" data-id=\"4a5766b\" data-element_type=\"widget\" data-e-type=\"widget\" data-widget_type=\"heading.default\">\n\t\t\t\t<div class=\"elementor-widget-container\">\n\t\t\t\t\t<h2 class=\"elementor-heading-title elementor-size-default\">Tampere NORD, Tampere KV,  Helsinki KV, Espoo RN, erkkari, Rovaniemi KV, Jyv\u00e4skyl\u00e4 KV, Oulu KV, Oulu Nord<\/h2>\t\t\t\t<\/div>\n\t\t\t\t<\/div>\n\t\t\t\t\t<\/div>\n\t\t<\/div>\n\t\t\t\t\t<\/div>\n\t\t<\/section>\n\t\t\t\t<section class=\"elementor-section elementor-top-section elementor-element elementor-element-3d25f80 elementor-section-boxed elementor-section-height-default elementor-section-height-default\" data-id=\"3d25f80\" data-element_type=\"section\" data-e-type=\"section\">\n\t\t\t\t\t\t<div class=\"elementor-container elementor-column-gap-default\">\n\t\t\t\t\t<div class=\"elementor-column elementor-col-100 elementor-top-column elementor-element elementor-element-ef6dbcf\" data-id=\"ef6dbcf\" data-element_type=\"column\" data-e-type=\"column\">\n\t\t\t<div class=\"elementor-widget-wrap elementor-element-populated\">\n\t\t\t\t\t\t<div class=\"elementor-element elementor-element-220925e elementor-widget elementor-widget-text-editor\" data-id=\"220925e\" data-element_type=\"widget\" data-e-type=\"widget\" data-widget_type=\"text-editor.default\">\n\t\t\t\t<div class=\"elementor-widget-container\">\n\t\t\t\t\t\t\t\t\t<p>Kev\u00e4\u00e4n pitk\u00e4n n\u00e4yttelytauon j\u00e4lkeen kes\u00e4n kausi p\u00e4\u00e4si kunnolla k\u00e4yntiin. Etel\u00e4n pojat aloittivat kev\u00e4tkauden Tampereelta. Ensin NORD n\u00e4ttelyss\u00e4 Paula Heikkinen-Lehkosen arvosteltava Nero voitti nuorten luokan ja sijoittui urosten nelj\u00e4nneksi ja seuraavana p\u00e4iv\u00e4n\u00e4 kansainv\u00e4lisess\u00e4 n\u00e4yttelyss\u00e4 Astrid Lundavalla pojat olivat nuorten luokassa Nero ykk\u00f6nen SA:lla ja Rambo kolmonen.\u00a0<\/p><p>Royal Canin Show&#8217;ssa Helsingin KV:ssa Nero oli avoimen luokan ykk\u00f6nen ja urosten nelonen, Rambo nuorten luokan ykk\u00f6nen. Tuomarina t\u00e4\u00e4ll\u00e4 toimi Matti Luoso.<br \/><br \/>Viikkoa ennen erkkaria pojat k\u00e4viv\u00e4t viel\u00e4 tekem\u00e4ss\u00e4 harjoituskeikan Espoon ryhm\u00e4n\u00e4yttelyyn, tuomarina erikoistuomari Marina Markio. Tuomari tykk\u00e4si pojista ja niinp\u00e4 Nero voitti avoimesta luokasta urokset, oli VSP ja Rambo oli nuorten luokasta urosten toinen. Rambolle my\u00f6s serti, joka oli sen toinen. Molemmille pojille luokkavoitosta my\u00f6s FinnSieger-piste.<\/p>\t\t\t\t\t\t\t\t<\/div>\n\t\t\t\t<\/div>\n\t\t\t\t\t<\/div>\n\t\t<\/div>\n\t\t\t\t\t<\/div>\n\t\t<\/section>\n\t\t\t\t<section class=\"elementor-section elementor-top-section elementor-element elementor-element-e00ab82 elementor-section-boxed elementor-section-height-default elementor-section-height-default\" data-id=\"e00ab82\" data-element_type=\"section\" data-e-type=\"section\">\n\t\t\t\t\t\t<div class=\"elementor-container elementor-column-gap-default\">\n\t\t\t\t\t<div class=\"elementor-column elementor-col-100 elementor-top-column elementor-element elementor-element-37b2708\" data-id=\"37b2708\" data-element_type=\"column\" data-e-type=\"column\">\n\t\t\t<div class=\"elementor-widget-wrap elementor-element-populated\">\n\t\t\t\t\t\t<div class=\"elementor-element elementor-element-57c2bda elementor-widget elementor-widget-image\" data-id=\"57c2bda\" data-element_type=\"widget\" data-e-type=\"widget\" data-widget_type=\"image.default\">\n\t\t\t\t<div class=\"elementor-widget-container\">\n\t\t\t\t\t\t\t\t\t\t\t\t<figure class=\"wp-caption\">\n\t\t\t\t\t\t\t\t\t\t<img decoding=\"async\" src=\"https:\/\/www.narraajan.fi\/wp-content\/uploads\/elementor\/thumbs\/Rambo04062023-q7ij65u9ocgvbt0o942j337t4fds88zvtkv6rwjj52.jpg\" title=\"Rambo04062023\" alt=\"Kuva Joakim Wallin\" loading=\"lazy\" \/>\t\t\t\t\t\t\t\t\t\t\t<figcaption class=\"widget-image-caption wp-caption-text\">Rambolle toinen serti (kuva Joakim Wallin)<\/figcaption>\n\t\t\t\t\t\t\t\t\t\t<\/figure>\n\t\t\t\t\t\t\t\t\t<\/div>\n\t\t\t\t<\/div>\n\t\t\t\t\t<\/div>\n\t\t<\/div>\n\t\t\t\t\t<\/div>\n\t\t<\/section>\n\t\t\t\t<section class=\"elementor-section elementor-top-section elementor-element elementor-element-9c09217 elementor-section-boxed elementor-section-height-default elementor-section-height-default\" data-id=\"9c09217\" data-element_type=\"section\" data-e-type=\"section\">\n\t\t\t\t\t\t<div class=\"elementor-container elementor-column-gap-default\">\n\t\t\t\t\t<div class=\"elementor-column elementor-col-50 elementor-top-column elementor-element elementor-element-5a789bd\" data-id=\"5a789bd\" data-element_type=\"column\" data-e-type=\"column\">\n\t\t\t<div class=\"elementor-widget-wrap elementor-element-populated\">\n\t\t\t\t\t\t<div class=\"elementor-element elementor-element-bc14098 elementor-widget elementor-widget-image\" data-id=\"bc14098\" data-element_type=\"widget\" data-e-type=\"widget\" data-widget_type=\"image.default\">\n\t\t\t\t<div class=\"elementor-widget-container\">\n\t\t\t\t\t\t\t\t\t\t\t\t<figure class=\"wp-caption\">\n\t\t\t\t\t\t\t\t\t\t<img fetchpriority=\"high\" decoding=\"async\" width=\"1024\" height=\"683\" src=\"https:\/\/www.narraajan.fi\/wp-content\/uploads\/2023\/06\/10062023-1137-1024x683.png\" class=\"attachment-large size-large wp-image-2177\" alt=\"\" srcset=\"https:\/\/www.narraajan.fi\/wp-content\/uploads\/2023\/06\/10062023-1137-1024x683.png 1024w, https:\/\/www.narraajan.fi\/wp-content\/uploads\/2023\/06\/10062023-1137-300x200.png 300w, https:\/\/www.narraajan.fi\/wp-content\/uploads\/2023\/06\/10062023-1137-768x512.png 768w, https:\/\/www.narraajan.fi\/wp-content\/uploads\/2023\/06\/10062023-1137-1536x1024.png 1536w, https:\/\/www.narraajan.fi\/wp-content\/uploads\/2023\/06\/10062023-1137.png 2048w\" sizes=\"(max-width: 1024px) 100vw, 1024px\" \/>\t\t\t\t\t\t\t\t\t\t\t<figcaption class=\"widget-image-caption wp-caption-text\">Nero nuo ERI1 SA<\/figcaption>\n\t\t\t\t\t\t\t\t\t\t<\/figure>\n\t\t\t\t\t\t\t\t\t<\/div>\n\t\t\t\t<\/div>\n\t\t\t\t\t<\/div>\n\t\t<\/div>\n\t\t\t\t<div class=\"elementor-column elementor-col-50 elementor-top-column elementor-element elementor-element-70a6336\" data-id=\"70a6336\" data-element_type=\"column\" data-e-type=\"column\">\n\t\t\t<div class=\"elementor-widget-wrap elementor-element-populated\">\n\t\t\t\t\t\t<div class=\"elementor-element elementor-element-6ab488b elementor-widget elementor-widget-image\" data-id=\"6ab488b\" data-element_type=\"widget\" data-e-type=\"widget\" data-widget_type=\"image.default\">\n\t\t\t\t<div class=\"elementor-widget-container\">\n\t\t\t\t\t\t\t\t\t\t\t\t<figure class=\"wp-caption\">\n\t\t\t\t\t\t\t\t\t\t<img decoding=\"async\" width=\"1024\" height=\"683\" src=\"https:\/\/www.narraajan.fi\/wp-content\/uploads\/2023\/06\/10062023-1138-1024x683.png\" class=\"attachment-large size-large wp-image-2178\" alt=\"\" srcset=\"https:\/\/www.narraajan.fi\/wp-content\/uploads\/2023\/06\/10062023-1138-1024x683.png 1024w, https:\/\/www.narraajan.fi\/wp-content\/uploads\/2023\/06\/10062023-1138-300x200.png 300w, https:\/\/www.narraajan.fi\/wp-content\/uploads\/2023\/06\/10062023-1138-768x512.png 768w, https:\/\/www.narraajan.fi\/wp-content\/uploads\/2023\/06\/10062023-1138-1536x1024.png 1536w, https:\/\/www.narraajan.fi\/wp-content\/uploads\/2023\/06\/10062023-1138.png 2048w\" sizes=\"(max-width: 1024px) 100vw, 1024px\" \/>\t\t\t\t\t\t\t\t\t\t\t<figcaption class=\"widget-image-caption wp-caption-text\">Rambo nuo ERI2<\/figcaption>\n\t\t\t\t\t\t\t\t\t\t<\/figure>\n\t\t\t\t\t\t\t\t\t<\/div>\n\t\t\t\t<\/div>\n\t\t\t\t\t<\/div>\n\t\t<\/div>\n\t\t\t\t\t<\/div>\n\t\t<\/section>\n\t\t\t\t<section class=\"elementor-section elementor-top-section elementor-element elementor-element-0bb85e4 elementor-section-boxed elementor-section-height-default elementor-section-height-default\" data-id=\"0bb85e4\" data-element_type=\"section\" data-e-type=\"section\">\n\t\t\t\t\t\t<div class=\"elementor-container elementor-column-gap-default\">\n\t\t\t\t\t<div class=\"elementor-column elementor-col-100 elementor-top-column elementor-element elementor-element-2b033aa\" data-id=\"2b033aa\" data-element_type=\"column\" data-e-type=\"column\">\n\t\t\t<div class=\"elementor-widget-wrap elementor-element-populated\">\n\t\t\t\t\t\t<div class=\"elementor-element elementor-element-414fa19 elementor-widget elementor-widget-text-editor\" data-id=\"414fa19\" data-element_type=\"widget\" data-e-type=\"widget\" data-widget_type=\"text-editor.default\">\n\t\t\t\t<div class=\"elementor-widget-container\">\n\t\t\t\t\t\t\t\t\t<p>Kes\u00e4kuun alkupuolella matkattiin Lappeenrantaan snautsereiden erikoisn\u00e4yttelyyn. Tuomariksi erkkariin oli kutsuttu Norjasta Rodi (nartut) ja Wera (urokset ja pennut) H\u00fcbenthal.\u00a0<br \/>Meilt\u00e4 oli mukana Nero, Rambo ja Harmi nuorten luokissa, Sansa avoimissa ja Narri valionartuissa. Nero ja Harmi nappasivat luokkavoitot SA:lla, Rambo oli luokkansa toinen, Sansa nelj\u00e4s SA:lla ja Narrillekin ERI. Hienot sijoitukset kaikille liki sadan ilmoitetun snautserin joukosta. T\u00e4\u00e4lt\u00e4kin FinnSieger-pisteet siis Nerolle ja Harmille.<\/p><p>Kasvattajaluokkaa ei t\u00e4n\u00e4 vuonna esitetty, mutta Severi esitti nuorisonsa kanssa j\u00e4lkel\u00e4isryhm\u00e4n. Ryhm\u00e4 sijoittui kolmanneksi monien hienojen ryhmien joukosta. Lis\u00e4ksi Narri esiintyi Mihan kasvattajaryhm\u00e4ss\u00e4 joka oli BIS1 ryhm\u00e4.\u00a0<\/p><p>Narri ja Harmi osallistuivat viel\u00e4 v\u00e4h\u00e4n extempore parikisaankin. Sijoitus siit\u00e4 kisasta kolmas.<\/p>\t\t\t\t\t\t\t\t<\/div>\n\t\t\t\t<\/div>\n\t\t\t\t\t<\/div>\n\t\t<\/div>\n\t\t\t\t\t<\/div>\n\t\t<\/section>\n\t\t\t\t<section class=\"elementor-section elementor-top-section elementor-element elementor-element-43b44f7 elementor-section-boxed elementor-section-height-default elementor-section-height-default\" data-id=\"43b44f7\" data-element_type=\"section\" data-e-type=\"section\">\n\t\t\t\t\t\t<div class=\"elementor-container elementor-column-gap-default\">\n\t\t\t\t\t<div class=\"elementor-column elementor-col-50 elementor-top-column elementor-element elementor-element-53f379c\" data-id=\"53f379c\" data-element_type=\"column\" data-e-type=\"column\">\n\t\t\t<div class=\"elementor-widget-wrap elementor-element-populated\">\n\t\t\t\t\t\t<div class=\"elementor-element elementor-element-735be43 elementor-widget elementor-widget-image\" data-id=\"735be43\" data-element_type=\"widget\" data-e-type=\"widget\" data-widget_type=\"image.default\">\n\t\t\t\t<div class=\"elementor-widget-container\">\n\t\t\t\t\t\t\t\t\t\t\t\t<figure class=\"wp-caption\">\n\t\t\t\t\t\t\t\t\t\t<img decoding=\"async\" width=\"1024\" height=\"683\" src=\"https:\/\/www.narraajan.fi\/wp-content\/uploads\/2023\/06\/10062023-1133-1024x683.png\" class=\"attachment-large size-large wp-image-2176\" alt=\"\" srcset=\"https:\/\/www.narraajan.fi\/wp-content\/uploads\/2023\/06\/10062023-1133-1024x683.png 1024w, https:\/\/www.narraajan.fi\/wp-content\/uploads\/2023\/06\/10062023-1133-300x200.png 300w, https:\/\/www.narraajan.fi\/wp-content\/uploads\/2023\/06\/10062023-1133-768x512.png 768w, https:\/\/www.narraajan.fi\/wp-content\/uploads\/2023\/06\/10062023-1133-1536x1024.png 1536w, https:\/\/www.narraajan.fi\/wp-content\/uploads\/2023\/06\/10062023-1133.png 2048w\" sizes=\"(max-width: 1024px) 100vw, 1024px\" \/>\t\t\t\t\t\t\t\t\t\t\t<figcaption class=\"widget-image-caption wp-caption-text\">Sansa avo ERI4 SA<\/figcaption>\n\t\t\t\t\t\t\t\t\t\t<\/figure>\n\t\t\t\t\t\t\t\t\t<\/div>\n\t\t\t\t<\/div>\n\t\t\t\t\t<\/div>\n\t\t<\/div>\n\t\t\t\t<div class=\"elementor-column elementor-col-50 elementor-top-column elementor-element elementor-element-06448e2\" data-id=\"06448e2\" data-element_type=\"column\" data-e-type=\"column\">\n\t\t\t<div class=\"elementor-widget-wrap elementor-element-populated\">\n\t\t\t\t\t\t<div class=\"elementor-element elementor-element-a9c2e5c elementor-widget elementor-widget-image\" data-id=\"a9c2e5c\" data-element_type=\"widget\" data-e-type=\"widget\" data-widget_type=\"image.default\">\n\t\t\t\t<div class=\"elementor-widget-container\">\n\t\t\t\t\t\t\t\t\t\t\t\t<figure class=\"wp-caption\">\n\t\t\t\t\t\t\t\t\t\t<img loading=\"lazy\" decoding=\"async\" width=\"1024\" height=\"683\" src=\"https:\/\/www.narraajan.fi\/wp-content\/uploads\/2023\/06\/Harmi2-1024x683.jpg\" class=\"attachment-large size-large wp-image-2119\" alt=\"\" srcset=\"https:\/\/www.narraajan.fi\/wp-content\/uploads\/2023\/06\/Harmi2-1024x683.jpg 1024w, https:\/\/www.narraajan.fi\/wp-content\/uploads\/2023\/06\/Harmi2-300x200.jpg 300w, https:\/\/www.narraajan.fi\/wp-content\/uploads\/2023\/06\/Harmi2-768x512.jpg 768w, https:\/\/www.narraajan.fi\/wp-content\/uploads\/2023\/06\/Harmi2-1536x1024.jpg 1536w, https:\/\/www.narraajan.fi\/wp-content\/uploads\/2023\/06\/Harmi2.jpg 2048w\" sizes=\"(max-width: 1024px) 100vw, 1024px\" \/>\t\t\t\t\t\t\t\t\t\t\t<figcaption class=\"widget-image-caption wp-caption-text\">Harmi nuo ERI1 SA<\/figcaption>\n\t\t\t\t\t\t\t\t\t\t<\/figure>\n\t\t\t\t\t\t\t\t\t<\/div>\n\t\t\t\t<\/div>\n\t\t\t\t\t<\/div>\n\t\t<\/div>\n\t\t\t\t\t<\/div>\n\t\t<\/section>\n\t\t\t\t<section class=\"elementor-section elementor-top-section elementor-element elementor-element-aaba188 elementor-section-boxed elementor-section-height-default elementor-section-height-default\" data-id=\"aaba188\" data-element_type=\"section\" data-e-type=\"section\">\n\t\t\t\t\t\t<div class=\"elementor-container elementor-column-gap-default\">\n\t\t\t\t\t<div class=\"elementor-column elementor-col-50 elementor-top-column elementor-element elementor-element-60109b1\" data-id=\"60109b1\" data-element_type=\"column\" data-e-type=\"column\">\n\t\t\t<div class=\"elementor-widget-wrap elementor-element-populated\">\n\t\t\t\t\t\t<div class=\"elementor-element elementor-element-f608ab9 elementor-widget elementor-widget-image\" data-id=\"f608ab9\" data-element_type=\"widget\" data-e-type=\"widget\" data-widget_type=\"image.default\">\n\t\t\t\t<div class=\"elementor-widget-container\">\n\t\t\t\t\t\t\t\t\t\t\t\t<figure class=\"wp-caption\">\n\t\t\t\t\t\t\t\t\t\t<img loading=\"lazy\" decoding=\"async\" width=\"1024\" height=\"683\" src=\"https:\/\/www.narraajan.fi\/wp-content\/uploads\/2023\/06\/10062023-1376-1024x683.png\" class=\"attachment-large size-large wp-image-2185\" alt=\"\" srcset=\"https:\/\/www.narraajan.fi\/wp-content\/uploads\/2023\/06\/10062023-1376-1024x683.png 1024w, https:\/\/www.narraajan.fi\/wp-content\/uploads\/2023\/06\/10062023-1376-300x200.png 300w, https:\/\/www.narraajan.fi\/wp-content\/uploads\/2023\/06\/10062023-1376-768x512.png 768w, https:\/\/www.narraajan.fi\/wp-content\/uploads\/2023\/06\/10062023-1376-1536x1024.png 1536w, https:\/\/www.narraajan.fi\/wp-content\/uploads\/2023\/06\/10062023-1376.png 2048w\" sizes=\"(max-width: 1024px) 100vw, 1024px\" \/>\t\t\t\t\t\t\t\t\t\t\t<figcaption class=\"widget-image-caption wp-caption-text\">Severin (Bonzen Ganesha) j\u00e4lkel\u00e4isryhm\u00e4 kolmas (Narraajan Pohjolan Harlekiini, Preiskarin Vartija, Pooki Flakkaa, Pohjoisen Puuhaparta)<\/figcaption>\n\t\t\t\t\t\t\t\t\t\t<\/figure>\n\t\t\t\t\t\t\t\t\t<\/div>\n\t\t\t\t<\/div>\n\t\t\t\t\t<\/div>\n\t\t<\/div>\n\t\t\t\t<div class=\"elementor-column elementor-col-50 elementor-top-column elementor-element elementor-element-ec64044\" data-id=\"ec64044\" data-element_type=\"column\" data-e-type=\"column\">\n\t\t\t<div class=\"elementor-widget-wrap elementor-element-populated\">\n\t\t\t\t\t\t<div class=\"elementor-element elementor-element-5573264 elementor-widget elementor-widget-image\" data-id=\"5573264\" data-element_type=\"widget\" data-e-type=\"widget\" data-widget_type=\"image.default\">\n\t\t\t\t<div class=\"elementor-widget-container\">\n\t\t\t\t\t\t\t\t\t\t\t\t<figure class=\"wp-caption\">\n\t\t\t\t\t\t\t\t\t\t<img loading=\"lazy\" decoding=\"async\" width=\"1024\" height=\"683\" src=\"https:\/\/www.narraajan.fi\/wp-content\/uploads\/2023\/06\/10062023-1369-1024x683.png\" class=\"attachment-large size-large wp-image-2184\" alt=\"\" srcset=\"https:\/\/www.narraajan.fi\/wp-content\/uploads\/2023\/06\/10062023-1369-1024x683.png 1024w, https:\/\/www.narraajan.fi\/wp-content\/uploads\/2023\/06\/10062023-1369-300x200.png 300w, https:\/\/www.narraajan.fi\/wp-content\/uploads\/2023\/06\/10062023-1369-768x512.png 768w, https:\/\/www.narraajan.fi\/wp-content\/uploads\/2023\/06\/10062023-1369-1536x1024.png 1536w, https:\/\/www.narraajan.fi\/wp-content\/uploads\/2023\/06\/10062023-1369.png 2048w\" sizes=\"(max-width: 1024px) 100vw, 1024px\" \/>\t\t\t\t\t\t\t\t\t\t\t<figcaption class=\"widget-image-caption wp-caption-text\">Narri Mihan BIS-kasvattajaluokassa<\/figcaption>\n\t\t\t\t\t\t\t\t\t\t<\/figure>\n\t\t\t\t\t\t\t\t\t<\/div>\n\t\t\t\t<\/div>\n\t\t\t\t\t<\/div>\n\t\t<\/div>\n\t\t\t\t\t<\/div>\n\t\t<\/section>\n\t\t\t\t<section class=\"elementor-section elementor-top-section elementor-element elementor-element-5701fa1 elementor-section-boxed elementor-section-height-default elementor-section-height-default\" data-id=\"5701fa1\" data-element_type=\"section\" data-e-type=\"section\">\n\t\t\t\t\t\t<div class=\"elementor-container elementor-column-gap-default\">\n\t\t\t\t\t<div class=\"elementor-column elementor-col-100 elementor-top-column elementor-element elementor-element-2b4bc6e\" data-id=\"2b4bc6e\" data-element_type=\"column\" data-e-type=\"column\">\n\t\t\t<div class=\"elementor-widget-wrap elementor-element-populated\">\n\t\t\t\t\t\t<div class=\"elementor-element elementor-element-83826d6 elementor-widget elementor-widget-image\" data-id=\"83826d6\" data-element_type=\"widget\" data-e-type=\"widget\" data-widget_type=\"image.default\">\n\t\t\t\t<div class=\"elementor-widget-container\">\n\t\t\t\t\t\t\t\t\t\t\t\t<figure class=\"wp-caption\">\n\t\t\t\t\t\t\t\t\t\t<img loading=\"lazy\" decoding=\"async\" width=\"200\" height=\"300\" src=\"https:\/\/www.narraajan.fi\/wp-content\/uploads\/2023\/07\/10062023-1416-200x300.png\" class=\"attachment-medium size-medium wp-image-2197\" alt=\"\" srcset=\"https:\/\/www.narraajan.fi\/wp-content\/uploads\/2023\/07\/10062023-1416-200x300.png 200w, https:\/\/www.narraajan.fi\/wp-content\/uploads\/2023\/07\/10062023-1416-683x1024.png 683w, https:\/\/www.narraajan.fi\/wp-content\/uploads\/2023\/07\/10062023-1416-768x1152.png 768w, https:\/\/www.narraajan.fi\/wp-content\/uploads\/2023\/07\/10062023-1416-1024x1536.png 1024w, https:\/\/www.narraajan.fi\/wp-content\/uploads\/2023\/07\/10062023-1416.png 1365w\" sizes=\"(max-width: 200px) 100vw, 200px\" \/>\t\t\t\t\t\t\t\t\t\t\t<figcaption class=\"widget-image-caption wp-caption-text\">parikisan BIS3 Harmi &amp; Narri<\/figcaption>\n\t\t\t\t\t\t\t\t\t\t<\/figure>\n\t\t\t\t\t\t\t\t\t<\/div>\n\t\t\t\t<\/div>\n\t\t\t\t\t<\/div>\n\t\t<\/div>\n\t\t\t\t\t<\/div>\n\t\t<\/section>\n\t\t\t\t<section class=\"elementor-section elementor-top-section elementor-element elementor-element-7718396 elementor-section-boxed elementor-section-height-default elementor-section-height-default\" data-id=\"7718396\" data-element_type=\"section\" data-e-type=\"section\">\n\t\t\t\t\t\t<div class=\"elementor-container elementor-column-gap-default\">\n\t\t\t\t\t<div class=\"elementor-column elementor-col-100 elementor-top-column elementor-element elementor-element-2924f44\" data-id=\"2924f44\" data-element_type=\"column\" data-e-type=\"column\">\n\t\t\t<div class=\"elementor-widget-wrap elementor-element-populated\">\n\t\t\t\t\t\t<div class=\"elementor-element elementor-element-85b18db elementor-widget elementor-widget-text-editor\" data-id=\"85b18db\" data-element_type=\"widget\" data-e-type=\"widget\" data-widget_type=\"text-editor.default\">\n\t\t\t\t<div class=\"elementor-widget-container\">\n\t\t\t\t\t\t\t\t\t<p>N\u00e4ttelyn j\u00e4lkeen vietettiin mukava illallinen hotelli Lappeessa. Siell\u00e4 muistettiin niin kokeneita kuin tuoreempiakin kasvattajia ja sy\u00f6tiin hyv\u00e4\u00e4 ruokaa hyv\u00e4ss\u00e4 seurassa. Tuomarit kertoivat n\u00e4kemyksi\u00e4\u00e4n keh\u00e4ss\u00e4 esiintyneist\u00e4 koirista. Kovin olivat tasoon tyytyv\u00e4isi\u00e4, kertoivat osanneensa odottaa ett\u00e4 suomessa on hyvi\u00e4 snautsereita, mutta n\u00e4in runsas erinomaisten koirien m\u00e4\u00e4r\u00e4 yll\u00e4tti heid\u00e4tkin.\u00a0<\/p>\t\t\t\t\t\t\t\t<\/div>\n\t\t\t\t<\/div>\n\t\t\t\t\t<\/div>\n\t\t<\/div>\n\t\t\t\t\t<\/div>\n\t\t<\/section>\n\t\t\t\t<section class=\"elementor-section elementor-top-section elementor-element elementor-element-e64dba9 elementor-section-boxed elementor-section-height-default elementor-section-height-default\" data-id=\"e64dba9\" data-element_type=\"section\" data-e-type=\"section\">\n\t\t\t\t\t\t<div class=\"elementor-container elementor-column-gap-default\">\n\t\t\t\t\t<div class=\"elementor-column elementor-col-50 elementor-top-column elementor-element elementor-element-5b3c727\" data-id=\"5b3c727\" data-element_type=\"column\" data-e-type=\"column\">\n\t\t\t<div class=\"elementor-widget-wrap elementor-element-populated\">\n\t\t\t\t\t\t<div class=\"elementor-element elementor-element-44d074a elementor-widget elementor-widget-image\" data-id=\"44d074a\" data-element_type=\"widget\" data-e-type=\"widget\" data-widget_type=\"image.default\">\n\t\t\t\t<div class=\"elementor-widget-container\">\n\t\t\t\t\t\t\t\t\t\t\t\t<figure class=\"wp-caption\">\n\t\t\t\t\t\t\t\t\t\t<img loading=\"lazy\" decoding=\"async\" width=\"1024\" height=\"768\" src=\"https:\/\/www.narraajan.fi\/wp-content\/uploads\/2023\/06\/2023-06-17-13_06_41-1024x768.jpg\" class=\"attachment-large size-large wp-image-2173\" alt=\"\" srcset=\"https:\/\/www.narraajan.fi\/wp-content\/uploads\/2023\/06\/2023-06-17-13_06_41-1024x768.jpg 1024w, https:\/\/www.narraajan.fi\/wp-content\/uploads\/2023\/06\/2023-06-17-13_06_41-300x225.jpg 300w, https:\/\/www.narraajan.fi\/wp-content\/uploads\/2023\/06\/2023-06-17-13_06_41-768x576.jpg 768w, https:\/\/www.narraajan.fi\/wp-content\/uploads\/2023\/06\/2023-06-17-13_06_41-1536x1152.jpg 1536w, https:\/\/www.narraajan.fi\/wp-content\/uploads\/2023\/06\/2023-06-17-13_06_41-2048x1536.jpg 2048w\" sizes=\"(max-width: 1024px) 100vw, 1024px\" \/>\t\t\t\t\t\t\t\t\t\t\t<figcaption class=\"widget-image-caption wp-caption-text\">tyt\u00f6t Rovaniemell\u00e4 (Sansa, Harmi, Noma) Kuva: Jukka Raudasoja<\/figcaption>\n\t\t\t\t\t\t\t\t\t\t<\/figure>\n\t\t\t\t\t\t\t\t\t<\/div>\n\t\t\t\t<\/div>\n\t\t\t\t\t<\/div>\n\t\t<\/div>\n\t\t\t\t<div class=\"elementor-column elementor-col-50 elementor-top-column elementor-element elementor-element-3585eb1\" data-id=\"3585eb1\" data-element_type=\"column\" data-e-type=\"column\">\n\t\t\t<div class=\"elementor-widget-wrap elementor-element-populated\">\n\t\t\t\t\t\t<div class=\"elementor-element elementor-element-4afe80e elementor-widget elementor-widget-image\" data-id=\"4afe80e\" data-element_type=\"widget\" data-e-type=\"widget\" data-widget_type=\"image.default\">\n\t\t\t\t<div class=\"elementor-widget-container\">\n\t\t\t\t\t\t\t\t\t\t\t\t<figure class=\"wp-caption\">\n\t\t\t\t\t\t\t\t\t\t<img loading=\"lazy\" decoding=\"async\" width=\"1024\" height=\"768\" src=\"https:\/\/www.narraajan.fi\/wp-content\/uploads\/2023\/06\/2023-06-17-11_45_54-1024x768.jpg\" class=\"attachment-large size-large wp-image-2170\" alt=\"\" srcset=\"https:\/\/www.narraajan.fi\/wp-content\/uploads\/2023\/06\/2023-06-17-11_45_54-1024x768.jpg 1024w, https:\/\/www.narraajan.fi\/wp-content\/uploads\/2023\/06\/2023-06-17-11_45_54-300x225.jpg 300w, https:\/\/www.narraajan.fi\/wp-content\/uploads\/2023\/06\/2023-06-17-11_45_54-768x576.jpg 768w, https:\/\/www.narraajan.fi\/wp-content\/uploads\/2023\/06\/2023-06-17-11_45_54-1536x1152.jpg 1536w, https:\/\/www.narraajan.fi\/wp-content\/uploads\/2023\/06\/2023-06-17-11_45_54-2048x1536.jpg 2048w\" sizes=\"(max-width: 1024px) 100vw, 1024px\" \/>\t\t\t\t\t\t\t\t\t\t\t<figcaption class=\"widget-image-caption wp-caption-text\">nuorten luokan nartut Noma ja Harmi (kuva: Eva Raudasoja)<\/figcaption>\n\t\t\t\t\t\t\t\t\t\t<\/figure>\n\t\t\t\t\t\t\t\t\t<\/div>\n\t\t\t\t<\/div>\n\t\t\t\t\t<\/div>\n\t\t<\/div>\n\t\t\t\t\t<\/div>\n\t\t<\/section>\n\t\t\t\t<section class=\"elementor-section elementor-top-section elementor-element elementor-element-1b3516e elementor-section-boxed elementor-section-height-default elementor-section-height-default\" data-id=\"1b3516e\" data-element_type=\"section\" data-e-type=\"section\">\n\t\t\t\t\t\t<div class=\"elementor-container elementor-column-gap-default\">\n\t\t\t\t\t<div class=\"elementor-column elementor-col-100 elementor-top-column elementor-element elementor-element-5b9b24e\" data-id=\"5b9b24e\" data-element_type=\"column\" data-e-type=\"column\">\n\t\t\t<div class=\"elementor-widget-wrap elementor-element-populated\">\n\t\t\t\t\t\t<div class=\"elementor-element elementor-element-98fd836 elementor-widget elementor-widget-text-editor\" data-id=\"98fd836\" data-element_type=\"widget\" data-e-type=\"widget\" data-widget_type=\"text-editor.default\">\n\t\t\t\t<div class=\"elementor-widget-container\">\n\t\t\t\t\t\t\t\t\t<p>Seuraavana viikonloppuna pist\u00e4ydyttiin Rovaniemen KV n\u00e4yttelyss\u00e4 Harmin, Noman ja Sansan kanssa. Tuomarina toimi Kirsi Tevalin. Koirat eiv\u00e4t ihan olleet tuomarin mieleen, ei tullut menestyst\u00e4 t\u00e4st\u00e4 n\u00e4yttelyst\u00e4. Nuorten luokassa Harmi oli ERI1, Noma EH2 ja Sansa avoimessa luokassa EH1.\u00a0<\/p>\t\t\t\t\t\t\t\t<\/div>\n\t\t\t\t<\/div>\n\t\t\t\t\t<\/div>\n\t\t<\/div>\n\t\t\t\t\t<\/div>\n\t\t<\/section>\n\t\t\t\t<section class=\"elementor-section elementor-top-section elementor-element elementor-element-6365889 elementor-section-boxed elementor-section-height-default elementor-section-height-default\" data-id=\"6365889\" data-element_type=\"section\" data-e-type=\"section\">\n\t\t\t\t\t\t<div class=\"elementor-container elementor-column-gap-default\">\n\t\t\t\t\t<div class=\"elementor-column elementor-col-50 elementor-top-column elementor-element elementor-element-4dd4ec2\" data-id=\"4dd4ec2\" data-element_type=\"column\" data-e-type=\"column\">\n\t\t\t<div class=\"elementor-widget-wrap elementor-element-populated\">\n\t\t\t\t\t\t<div class=\"elementor-element elementor-element-a2eb53a elementor-widget elementor-widget-image\" data-id=\"a2eb53a\" data-element_type=\"widget\" data-e-type=\"widget\" data-widget_type=\"image.default\">\n\t\t\t\t<div class=\"elementor-widget-container\">\n\t\t\t\t\t\t\t\t\t\t\t\t<figure class=\"wp-caption\">\n\t\t\t\t\t\t\t\t\t\t<img loading=\"lazy\" decoding=\"async\" width=\"1024\" height=\"768\" src=\"https:\/\/www.narraajan.fi\/wp-content\/uploads\/2023\/06\/2023-06-17-11_48_19-1024x768.jpg\" class=\"attachment-large size-large wp-image-2171\" alt=\"\" srcset=\"https:\/\/www.narraajan.fi\/wp-content\/uploads\/2023\/06\/2023-06-17-11_48_19-1024x768.jpg 1024w, https:\/\/www.narraajan.fi\/wp-content\/uploads\/2023\/06\/2023-06-17-11_48_19-300x225.jpg 300w, https:\/\/www.narraajan.fi\/wp-content\/uploads\/2023\/06\/2023-06-17-11_48_19-768x576.jpg 768w, https:\/\/www.narraajan.fi\/wp-content\/uploads\/2023\/06\/2023-06-17-11_48_19-1536x1152.jpg 1536w, https:\/\/www.narraajan.fi\/wp-content\/uploads\/2023\/06\/2023-06-17-11_48_19-2048x1536.jpg 2048w\" sizes=\"(max-width: 1024px) 100vw, 1024px\" \/>\t\t\t\t\t\t\t\t\t\t\t<figcaption class=\"widget-image-caption wp-caption-text\">Noma (kuva Eva Raudasoja)<\/figcaption>\n\t\t\t\t\t\t\t\t\t\t<\/figure>\n\t\t\t\t\t\t\t\t\t<\/div>\n\t\t\t\t<\/div>\n\t\t\t\t\t<\/div>\n\t\t<\/div>\n\t\t\t\t<div class=\"elementor-column elementor-col-50 elementor-top-column elementor-element elementor-element-29a6a80\" data-id=\"29a6a80\" data-element_type=\"column\" data-e-type=\"column\">\n\t\t\t<div class=\"elementor-widget-wrap elementor-element-populated\">\n\t\t\t\t\t\t<div class=\"elementor-element elementor-element-8b9d674 elementor-widget elementor-widget-image\" data-id=\"8b9d674\" data-element_type=\"widget\" data-e-type=\"widget\" data-widget_type=\"image.default\">\n\t\t\t\t<div class=\"elementor-widget-container\">\n\t\t\t\t\t\t\t\t\t\t\t\t<figure class=\"wp-caption\">\n\t\t\t\t\t\t\t\t\t\t<img loading=\"lazy\" decoding=\"async\" width=\"1024\" height=\"802\" src=\"https:\/\/www.narraajan.fi\/wp-content\/uploads\/2023\/06\/2023-06-17-12_04_02-1024x802.jpg\" class=\"attachment-large size-large wp-image-2172\" alt=\"\" srcset=\"https:\/\/www.narraajan.fi\/wp-content\/uploads\/2023\/06\/2023-06-17-12_04_02-1024x802.jpg 1024w, https:\/\/www.narraajan.fi\/wp-content\/uploads\/2023\/06\/2023-06-17-12_04_02-300x235.jpg 300w, https:\/\/www.narraajan.fi\/wp-content\/uploads\/2023\/06\/2023-06-17-12_04_02-768x602.jpg 768w, https:\/\/www.narraajan.fi\/wp-content\/uploads\/2023\/06\/2023-06-17-12_04_02-1536x1204.jpg 1536w, https:\/\/www.narraajan.fi\/wp-content\/uploads\/2023\/06\/2023-06-17-12_04_02-2048x1605.jpg 2048w\" sizes=\"(max-width: 1024px) 100vw, 1024px\" \/>\t\t\t\t\t\t\t\t\t\t\t<figcaption class=\"widget-image-caption wp-caption-text\">Noma (kuva Eva Raudasoja)<\/figcaption>\n\t\t\t\t\t\t\t\t\t\t<\/figure>\n\t\t\t\t\t\t\t\t\t<\/div>\n\t\t\t\t<\/div>\n\t\t\t\t\t<\/div>\n\t\t<\/div>\n\t\t\t\t\t<\/div>\n\t\t<\/section>\n\t\t\t\t<section class=\"elementor-section elementor-top-section elementor-element elementor-element-ca167b1 elementor-section-boxed elementor-section-height-default elementor-section-height-default\" data-id=\"ca167b1\" data-element_type=\"section\" data-e-type=\"section\">\n\t\t\t\t\t\t<div class=\"elementor-container elementor-column-gap-default\">\n\t\t\t\t\t<div class=\"elementor-column elementor-col-100 elementor-top-column elementor-element elementor-element-d9dc5de\" data-id=\"d9dc5de\" data-element_type=\"column\" data-e-type=\"column\">\n\t\t\t<div class=\"elementor-widget-wrap elementor-element-populated\">\n\t\t\t\t\t\t<div class=\"elementor-element elementor-element-5cec508 elementor-widget elementor-widget-text-editor\" data-id=\"5cec508\" data-element_type=\"widget\" data-e-type=\"widget\" data-widget_type=\"text-editor.default\">\n\t\t\t\t<div class=\"elementor-widget-container\">\n\t\t\t\t\t\t\t\t\t<p>Pitih\u00e4n sit\u00e4 juhannukseksikin jotakin ohjelmaa keksi\u00e4. Mit\u00e4p\u00e4 sit\u00e4 sitten muuta keksisik\u00e4\u00e4n kuin koiran\u00e4yttelyn :-))) K\u00e4ytiin py\u00f6r\u00e4ht\u00e4m\u00e4ss\u00e4 kaverireissu Jyv\u00e4skyl\u00e4n KV n\u00e4yttelyss\u00e4. Odotuksia t\u00e4lle reissulle ei ollut, p\u00e4\u00e4paino oli mukavalla juhannuksen vietolla kavereiden kesken. Mukana oli koko koiralauma telttailemassa perinteikk\u00e4\u00e4n juhannuksen malliin, keh\u00e4\u00e4n ei toki p\u00e4\u00e4tynyt kuin Harmi ja Sansa. Snautserit arvosteli Mervi Raisaari. Harmi voitti nartut ja sai ensimm\u00e4isen Cacibinsa ja oli VSP. Sansa sai EH:n.\u00a0<\/p>\t\t\t\t\t\t\t\t<\/div>\n\t\t\t\t<\/div>\n\t\t\t\t\t<\/div>\n\t\t<\/div>\n\t\t\t\t\t<\/div>\n\t\t<\/section>\n\t\t\t\t<section class=\"elementor-section elementor-top-section elementor-element elementor-element-7f87d21 elementor-section-boxed elementor-section-height-default elementor-section-height-default\" data-id=\"7f87d21\" data-element_type=\"section\" data-e-type=\"section\">\n\t\t\t\t\t\t<div class=\"elementor-container elementor-column-gap-default\">\n\t\t\t\t\t<div class=\"elementor-column elementor-col-100 elementor-top-column elementor-element elementor-element-2dab262\" data-id=\"2dab262\" data-element_type=\"column\" data-e-type=\"column\">\n\t\t\t<div class=\"elementor-widget-wrap elementor-element-populated\">\n\t\t\t\t\t\t<div class=\"elementor-element elementor-element-f7bfe69 elementor-widget elementor-widget-image\" data-id=\"f7bfe69\" data-element_type=\"widget\" data-e-type=\"widget\" data-widget_type=\"image.default\">\n\t\t\t\t<div class=\"elementor-widget-container\">\n\t\t\t\t\t\t\t\t\t\t\t\t<figure class=\"wp-caption\">\n\t\t\t\t\t\t\t\t\t\t<img loading=\"lazy\" decoding=\"async\" width=\"1024\" height=\"662\" src=\"https:\/\/www.narraajan.fi\/wp-content\/uploads\/2023\/06\/64450f9b-797f-4771-a8f7-0408bef21a32-1024x662.jpg\" class=\"attachment-large size-large wp-image-2174\" alt=\"\" srcset=\"https:\/\/www.narraajan.fi\/wp-content\/uploads\/2023\/06\/64450f9b-797f-4771-a8f7-0408bef21a32-1024x662.jpg 1024w, https:\/\/www.narraajan.fi\/wp-content\/uploads\/2023\/06\/64450f9b-797f-4771-a8f7-0408bef21a32-300x194.jpg 300w, https:\/\/www.narraajan.fi\/wp-content\/uploads\/2023\/06\/64450f9b-797f-4771-a8f7-0408bef21a32-768x497.jpg 768w, https:\/\/www.narraajan.fi\/wp-content\/uploads\/2023\/06\/64450f9b-797f-4771-a8f7-0408bef21a32-1536x994.jpg 1536w, https:\/\/www.narraajan.fi\/wp-content\/uploads\/2023\/06\/64450f9b-797f-4771-a8f7-0408bef21a32.jpg 1600w\" sizes=\"(max-width: 1024px) 100vw, 1024px\" \/>\t\t\t\t\t\t\t\t\t\t\t<figcaption class=\"widget-image-caption wp-caption-text\">Jyv\u00e4skyl\u00e4 KV:n ROP Fearless Fellow Highway To Hell ja VSP Narraajan Pohjolan Harlekiini (kuva Marita Honkam\u00e4ki)<\/figcaption>\n\t\t\t\t\t\t\t\t\t\t<\/figure>\n\t\t\t\t\t\t\t\t\t<\/div>\n\t\t\t\t<\/div>\n\t\t\t\t\t<\/div>\n\t\t<\/div>\n\t\t\t\t\t<\/div>\n\t\t<\/section>\n\t\t\t\t<section class=\"elementor-section elementor-top-section elementor-element elementor-element-6dedf6f elementor-section-boxed elementor-section-height-default elementor-section-height-default\" data-id=\"6dedf6f\" data-element_type=\"section\" data-e-type=\"section\">\n\t\t\t\t\t\t<div class=\"elementor-container elementor-column-gap-default\">\n\t\t\t\t\t<div class=\"elementor-column elementor-col-100 elementor-top-column elementor-element elementor-element-a350c46\" data-id=\"a350c46\" data-element_type=\"column\" data-e-type=\"column\">\n\t\t\t<div class=\"elementor-widget-wrap elementor-element-populated\">\n\t\t\t\t\t\t<div class=\"elementor-element elementor-element-c40f536 elementor-widget elementor-widget-text-editor\" data-id=\"c40f536\" data-element_type=\"widget\" data-e-type=\"widget\" data-widget_type=\"text-editor.default\">\n\t\t\t\t<div class=\"elementor-widget-container\">\n\t\t\t\t\t\t\t\t\t<p>V\u00e4liin viikko taukoa, johon ajoittui sopivasti my\u00f6s minun kes\u00e4loman aloitus. Hetken huokaisu olikin varmasti tarpeen sek\u00e4 koirille ett\u00e4 minulle. Loman kanssa k\u00e4sik\u00e4dess\u00e4 alkoi my\u00f6s sateet ja viile\u00e4mm\u00e4t ilmat, mutta se ei varsinaisesti meit\u00e4 haitannut. P\u00e4\u00e4stiinp\u00e4h\u00e4n vihdoin kunnolla lenkeille, miljoonia s\u00e4\u00e4ski\u00e4 uhmaten my\u00f6s mets\u00e4polkuja tallaamaan.<br \/><br \/>T\u00e4m\u00e4n j\u00e4lkeen vietettiin viikonloppu Oulussa. Ensin lauantaina kansainv\u00e4lisess\u00e4 n\u00e4yttelyss\u00e4 ja sunnuntaina vuorostaan Nord-n\u00e4yttelyss\u00e4. Lauantain s\u00e4\u00e4 oli inhimillinen ja melkein ajoittain jopa koleahko, aivan ihanteellinen koiria ajatellen. Sunnuntaina aurinko paahtoi taas t\u00e4ysill\u00e4 ja kaikki viilennyskeinot olivat tuiki tarpeellisia.<\/p><p>Launtain KV-n\u00e4yttelyyn meilt\u00e4 osallistui nuorten luokassa Harmi ja Noma ja avoimessa luokassa Sansa. Kaikille ERI ja SA, Sansa sijoittui viel\u00e4 narttujen nelj\u00e4nneksi. Tuomarina snautsereille toimi Ante Lucin.<\/p><p>Sunnuntain Nord-n\u00e4yttelyyn mukaan l\u00e4hti nuorten luokkaan Noma, avoimiin Sansa ja nelj\u00e4n vuoden tauon j\u00e4lkeen n\u00e4yttelykehiin paluun tehnyt Takku veteraaniluokkaan. Kaikille tyt\u00f6ille tuolloinkin ERIt ja SAt, paras narttu nelossijalle nousi Noma, joka nappasi n\u00e4in itselleen ensimm\u00e4isen sertins\u00e4! Snautserispecialisti Katerina Cechova Tanskasta teki snautserit, joten t\u00e4ytyy olla tuloksiin hirmu tyytyv\u00e4inen. Oltiin viikonloppuna my\u00f6s erikoisen ongelman edess\u00e4. En todellakaan ollut osannut varautua ett\u00e4 kaikki mukana olleet koirat saisivat SA:t ja eih\u00e4n meill\u00e4 ollut paras narttu-kehiin esitt\u00e4ji\u00e4 omasta takaa. Onneksi keh\u00e4n laidalta l\u00f6ytyy avuliasta snautseriporukkaa, jotka lennosta passitettiin keh\u00e4\u00e4n. Suuret kiitokset viel\u00e4 Paulalle ja Maritalle.\u00a0<\/p><p>Josefiina sai ikuistettua kivat kuvamuistot sunnuntailta. Niist\u00e4 v\u00e4littyy Takun riemu siit\u00e4 ett\u00e4 se olikin yll\u00e4tt\u00e4in mukaan l\u00e4hteneiden joukossa ja p\u00e4\u00e4si kokemaan n\u00e4yttelyp\u00e4iv\u00e4n tunnelmaa. Jos koira on viel\u00e4 veteraanina noin intoa t\u00e4ynn\u00e4, ei sill\u00e4 voi olla n\u00e4yttelyiss\u00e4 kovin kurjaa. T\u00e4llaista pit\u00e4isi olla n\u00e4kem\u00e4ss\u00e4 jokaisen joka tuomitsee n\u00e4yttelyharrastusta.\u00a0<\/p>\t\t\t\t\t\t\t\t<\/div>\n\t\t\t\t<\/div>\n\t\t\t\t\t<\/div>\n\t\t<\/div>\n\t\t\t\t\t<\/div>\n\t\t<\/section>\n\t\t\t\t<section class=\"elementor-section elementor-top-section elementor-element elementor-element-da40959 elementor-section-boxed elementor-section-height-default elementor-section-height-default\" data-id=\"da40959\" data-element_type=\"section\" data-e-type=\"section\">\n\t\t\t\t\t\t<div class=\"elementor-container elementor-column-gap-default\">\n\t\t\t\t\t<div class=\"elementor-column elementor-col-50 elementor-top-column elementor-element elementor-element-f07381d\" data-id=\"f07381d\" data-element_type=\"column\" data-e-type=\"column\">\n\t\t\t<div class=\"elementor-widget-wrap elementor-element-populated\">\n\t\t\t\t\t\t<div class=\"elementor-element elementor-element-284fe8f elementor-widget elementor-widget-image\" data-id=\"284fe8f\" data-element_type=\"widget\" data-e-type=\"widget\" data-widget_type=\"image.default\">\n\t\t\t\t<div class=\"elementor-widget-container\">\n\t\t\t\t\t\t\t\t\t\t\t\t<figure class=\"wp-caption\">\n\t\t\t\t\t\t\t\t\t\t<img loading=\"lazy\" decoding=\"async\" width=\"1024\" height=\"768\" src=\"https:\/\/www.narraajan.fi\/wp-content\/uploads\/2023\/07\/nuortenluokka2.jpg\" class=\"attachment-full size-full wp-image-2203\" alt=\"\" srcset=\"https:\/\/www.narraajan.fi\/wp-content\/uploads\/2023\/07\/nuortenluokka2.jpg 1024w, https:\/\/www.narraajan.fi\/wp-content\/uploads\/2023\/07\/nuortenluokka2-300x225.jpg 300w, https:\/\/www.narraajan.fi\/wp-content\/uploads\/2023\/07\/nuortenluokka2-768x576.jpg 768w\" sizes=\"(max-width: 1024px) 100vw, 1024px\" \/>\t\t\t\t\t\t\t\t\t\t\t<figcaption class=\"widget-image-caption wp-caption-text\">lauantain nuoten luokan nartut Harmi ERI1 SA ja Noma ERI2 SA (kuva Jukka Raudasoja)<\/figcaption>\n\t\t\t\t\t\t\t\t\t\t<\/figure>\n\t\t\t\t\t\t\t\t\t<\/div>\n\t\t\t\t<\/div>\n\t\t\t\t\t<\/div>\n\t\t<\/div>\n\t\t\t\t<div class=\"elementor-column elementor-col-50 elementor-top-column elementor-element elementor-element-494ee6c\" data-id=\"494ee6c\" data-element_type=\"column\" data-e-type=\"column\">\n\t\t\t<div class=\"elementor-widget-wrap elementor-element-populated\">\n\t\t\t\t\t\t<div class=\"elementor-element elementor-element-8411e46 elementor-widget elementor-widget-image\" data-id=\"8411e46\" data-element_type=\"widget\" data-e-type=\"widget\" data-widget_type=\"image.default\">\n\t\t\t\t<div class=\"elementor-widget-container\">\n\t\t\t\t\t\t\t\t\t\t\t\t<figure class=\"wp-caption\">\n\t\t\t\t\t\t\t\t\t\t<img decoding=\"async\" src=\"https:\/\/www.narraajan.fi\/wp-content\/uploads\/2023\/07\/Noma2-e1689149519698.jpg\" title=\"Noma2\" alt=\"Noma2\" loading=\"lazy\" \/>\t\t\t\t\t\t\t\t\t\t\t<figcaption class=\"widget-image-caption wp-caption-text\">sunnuntain PN4 ja serti-voittaja Noma (kuva Josefiina Niska)<\/figcaption>\n\t\t\t\t\t\t\t\t\t\t<\/figure>\n\t\t\t\t\t\t\t\t\t<\/div>\n\t\t\t\t<\/div>\n\t\t\t\t\t<\/div>\n\t\t<\/div>\n\t\t\t\t\t<\/div>\n\t\t<\/section>\n\t\t\t\t<section class=\"elementor-section elementor-top-section elementor-element elementor-element-4969d65 elementor-section-boxed elementor-section-height-default elementor-section-height-default\" data-id=\"4969d65\" data-element_type=\"section\" data-e-type=\"section\">\n\t\t\t\t\t\t<div class=\"elementor-container elementor-column-gap-default\">\n\t\t\t\t\t<div class=\"elementor-column elementor-col-50 elementor-top-column elementor-element elementor-element-b45e894\" data-id=\"b45e894\" data-element_type=\"column\" data-e-type=\"column\">\n\t\t\t<div class=\"elementor-widget-wrap elementor-element-populated\">\n\t\t\t\t\t\t<div class=\"elementor-element elementor-element-7c2a91c elementor-widget elementor-widget-image\" data-id=\"7c2a91c\" data-element_type=\"widget\" data-e-type=\"widget\" data-widget_type=\"image.default\">\n\t\t\t\t<div class=\"elementor-widget-container\">\n\t\t\t\t\t\t\t\t\t\t\t\t<figure class=\"wp-caption\">\n\t\t\t\t\t\t\t\t\t\t<img loading=\"lazy\" decoding=\"async\" width=\"1024\" height=\"683\" src=\"https:\/\/www.narraajan.fi\/wp-content\/uploads\/2023\/07\/09072023-1647-1024x683.png\" class=\"attachment-large size-large wp-image-2199\" alt=\"\" srcset=\"https:\/\/www.narraajan.fi\/wp-content\/uploads\/2023\/07\/09072023-1647-1024x683.png 1024w, https:\/\/www.narraajan.fi\/wp-content\/uploads\/2023\/07\/09072023-1647-300x200.png 300w, https:\/\/www.narraajan.fi\/wp-content\/uploads\/2023\/07\/09072023-1647-768x512.png 768w, https:\/\/www.narraajan.fi\/wp-content\/uploads\/2023\/07\/09072023-1647-1536x1024.png 1536w, https:\/\/www.narraajan.fi\/wp-content\/uploads\/2023\/07\/09072023-1647.png 2048w\" sizes=\"(max-width: 1024px) 100vw, 1024px\" \/>\t\t\t\t\t\t\t\t\t\t\t<figcaption class=\"widget-image-caption wp-caption-text\">veteraani Takku (kuva Eija Sakko)<\/figcaption>\n\t\t\t\t\t\t\t\t\t\t<\/figure>\n\t\t\t\t\t\t\t\t\t<\/div>\n\t\t\t\t<\/div>\n\t\t\t\t\t<\/div>\n\t\t<\/div>\n\t\t\t\t<div class=\"elementor-column elementor-col-50 elementor-top-column elementor-element elementor-element-0be7abe\" data-id=\"0be7abe\" data-element_type=\"column\" data-e-type=\"column\">\n\t\t\t<div class=\"elementor-widget-wrap elementor-element-populated\">\n\t\t\t\t\t\t<div class=\"elementor-element elementor-element-0e2bcef elementor-widget elementor-widget-image\" data-id=\"0e2bcef\" data-element_type=\"widget\" data-e-type=\"widget\" data-widget_type=\"image.default\">\n\t\t\t\t<div class=\"elementor-widget-container\">\n\t\t\t\t\t\t\t\t\t\t\t\t<figure class=\"wp-caption\">\n\t\t\t\t\t\t\t\t\t\t<img decoding=\"async\" src=\"https:\/\/www.narraajan.fi\/wp-content\/uploads\/2023\/07\/09072023-1672-e1689149622196.png\" title=\"09072023-1672\" alt=\"09072023-1672\" loading=\"lazy\" \/>\t\t\t\t\t\t\t\t\t\t\t<figcaption class=\"widget-image-caption wp-caption-text\">Takku (kuva Eija Sakko)<\/figcaption>\n\t\t\t\t\t\t\t\t\t\t<\/figure>\n\t\t\t\t\t\t\t\t\t<\/div>\n\t\t\t\t<\/div>\n\t\t\t\t\t<\/div>\n\t\t<\/div>\n\t\t\t\t\t<\/div>\n\t\t<\/section>\n\t\t\t\t<section class=\"elementor-section elementor-top-section elementor-element elementor-element-ec37354 elementor-section-boxed elementor-section-height-default elementor-section-height-default\" data-id=\"ec37354\" data-element_type=\"section\" data-e-type=\"section\">\n\t\t\t\t\t\t<div class=\"elementor-container elementor-column-gap-default\">\n\t\t\t\t\t<div class=\"elementor-column elementor-col-50 elementor-top-column elementor-element elementor-element-4938d09\" data-id=\"4938d09\" data-element_type=\"column\" data-e-type=\"column\">\n\t\t\t<div class=\"elementor-widget-wrap elementor-element-populated\">\n\t\t\t\t\t\t<div class=\"elementor-element elementor-element-956012e elementor-widget elementor-widget-image\" data-id=\"956012e\" data-element_type=\"widget\" data-e-type=\"widget\" data-widget_type=\"image.default\">\n\t\t\t\t<div class=\"elementor-widget-container\">\n\t\t\t\t\t\t\t\t\t\t\t\t<figure class=\"wp-caption\">\n\t\t\t\t\t\t\t\t\t\t<img loading=\"lazy\" decoding=\"async\" width=\"683\" height=\"1024\" src=\"https:\/\/www.narraajan.fi\/wp-content\/uploads\/2023\/07\/Takku5-683x1024.jpg\" class=\"attachment-large size-large wp-image-2204\" alt=\"\" srcset=\"https:\/\/www.narraajan.fi\/wp-content\/uploads\/2023\/07\/Takku5-683x1024.jpg 683w, https:\/\/www.narraajan.fi\/wp-content\/uploads\/2023\/07\/Takku5-200x300.jpg 200w, https:\/\/www.narraajan.fi\/wp-content\/uploads\/2023\/07\/Takku5-768x1152.jpg 768w, https:\/\/www.narraajan.fi\/wp-content\/uploads\/2023\/07\/Takku5.jpg 1024w\" sizes=\"(max-width: 683px) 100vw, 683px\" \/>\t\t\t\t\t\t\t\t\t\t\t<figcaption class=\"widget-image-caption wp-caption-text\">Takku palaa takaisin kehiin (kuva Josefiina Niska)<\/figcaption>\n\t\t\t\t\t\t\t\t\t\t<\/figure>\n\t\t\t\t\t\t\t\t\t<\/div>\n\t\t\t\t<\/div>\n\t\t\t\t\t<\/div>\n\t\t<\/div>\n\t\t\t\t<div class=\"elementor-column elementor-col-50 elementor-top-column elementor-element elementor-element-9809707\" data-id=\"9809707\" data-element_type=\"column\" data-e-type=\"column\">\n\t\t\t<div class=\"elementor-widget-wrap elementor-element-populated\">\n\t\t\t\t\t\t<div class=\"elementor-element elementor-element-04f858d elementor-widget elementor-widget-image\" data-id=\"04f858d\" data-element_type=\"widget\" data-e-type=\"widget\" data-widget_type=\"image.default\">\n\t\t\t\t<div class=\"elementor-widget-container\">\n\t\t\t\t\t\t\t\t\t\t\t\t<figure class=\"wp-caption\">\n\t\t\t\t\t\t\t\t\t\t<img loading=\"lazy\" decoding=\"async\" width=\"1024\" height=\"683\" src=\"https:\/\/www.narraajan.fi\/wp-content\/uploads\/2023\/07\/Takku3-1024x683.jpg\" class=\"attachment-large size-large wp-image-2206\" alt=\"\" srcset=\"https:\/\/www.narraajan.fi\/wp-content\/uploads\/2023\/07\/Takku3-1024x683.jpg 1024w, https:\/\/www.narraajan.fi\/wp-content\/uploads\/2023\/07\/Takku3-300x200.jpg 300w, https:\/\/www.narraajan.fi\/wp-content\/uploads\/2023\/07\/Takku3-768x512.jpg 768w, https:\/\/www.narraajan.fi\/wp-content\/uploads\/2023\/07\/Takku3-1536x1024.jpg 1536w, https:\/\/www.narraajan.fi\/wp-content\/uploads\/2023\/07\/Takku3.jpg 2048w\" sizes=\"(max-width: 1024px) 100vw, 1024px\" \/>\t\t\t\t\t\t\t\t\t\t\t<figcaption class=\"widget-image-caption wp-caption-text\">Menn\u00e4\u00e4n jo (kuva Josefiina Niska)<\/figcaption>\n\t\t\t\t\t\t\t\t\t\t<\/figure>\n\t\t\t\t\t\t\t\t\t<\/div>\n\t\t\t\t<\/div>\n\t\t\t\t<div class=\"elementor-element elementor-element-bce6c63 elementor-widget elementor-widget-image\" data-id=\"bce6c63\" data-element_type=\"widget\" data-e-type=\"widget\" data-widget_type=\"image.default\">\n\t\t\t\t<div class=\"elementor-widget-container\">\n\t\t\t\t\t\t\t\t\t\t\t\t<figure class=\"wp-caption\">\n\t\t\t\t\t\t\t\t\t\t<img loading=\"lazy\" decoding=\"async\" width=\"1024\" height=\"683\" src=\"https:\/\/www.narraajan.fi\/wp-content\/uploads\/2023\/07\/Takku10-1024x683.jpg\" class=\"attachment-large size-large wp-image-2205\" alt=\"\" srcset=\"https:\/\/www.narraajan.fi\/wp-content\/uploads\/2023\/07\/Takku10-1024x683.jpg 1024w, https:\/\/www.narraajan.fi\/wp-content\/uploads\/2023\/07\/Takku10-300x200.jpg 300w, https:\/\/www.narraajan.fi\/wp-content\/uploads\/2023\/07\/Takku10-768x512.jpg 768w, https:\/\/www.narraajan.fi\/wp-content\/uploads\/2023\/07\/Takku10-1536x1024.jpg 1536w, https:\/\/www.narraajan.fi\/wp-content\/uploads\/2023\/07\/Takku10.jpg 2048w\" sizes=\"(max-width: 1024px) 100vw, 1024px\" \/>\t\t\t\t\t\t\t\t\t\t\t<figcaption class=\"widget-image-caption wp-caption-text\">Takku keh\u00e4ss\u00e4 (kuva Josefiina Niska)<\/figcaption>\n\t\t\t\t\t\t\t\t\t\t<\/figure>\n\t\t\t\t\t\t\t\t\t<\/div>\n\t\t\t\t<\/div>\n\t\t\t\t\t<\/div>\n\t\t<\/div>\n\t\t\t\t\t<\/div>\n\t\t<\/section>\n\t\t\t\t<section class=\"elementor-section elementor-top-section elementor-element elementor-element-12903e8 elementor-section-boxed elementor-section-height-default elementor-section-height-default\" data-id=\"12903e8\" data-element_type=\"section\" data-e-type=\"section\">\n\t\t\t\t\t\t<div class=\"elementor-container elementor-column-gap-default\">\n\t\t\t\t\t<div class=\"elementor-column elementor-col-100 elementor-top-column elementor-element elementor-element-98d4b74\" data-id=\"98d4b74\" data-element_type=\"column\" data-e-type=\"column\">\n\t\t\t<div class=\"elementor-widget-wrap elementor-element-populated\">\n\t\t\t\t\t\t<div class=\"elementor-element elementor-element-86f8906 elementor-widget elementor-widget-text-editor\" data-id=\"86f8906\" data-element_type=\"widget\" data-e-type=\"widget\" data-widget_type=\"text-editor.default\">\n\t\t\t\t<div class=\"elementor-widget-container\">\n\t\t\t\t\t\t\t\t\t<p>N\u00e4yttelykes\u00e4 jatkuu kuumimillaan. Tulossa on keh\u00e4nkiertoa v\u00e4h\u00e4n joka viikonlopulle. Toivottavasti s\u00e4\u00e4t suosivat niin mik\u00e4s sen parempaa loman viettoa olisikaan.\u00a0<\/p>\t\t\t\t\t\t\t\t<\/div>\n\t\t\t\t<\/div>\n\t\t\t\t\t<\/div>\n\t\t<\/div>\n\t\t\t\t\t<\/div>\n\t\t<\/section>\n\t\t\t\t<section class=\"elementor-section elementor-top-section elementor-element elementor-element-a32b8ae elementor-section-boxed elementor-section-height-default elementor-section-height-default\" data-id=\"a32b8ae\" data-element_type=\"section\" data-e-type=\"section\">\n\t\t\t\t\t\t<div class=\"elementor-container elementor-column-gap-default\">\n\t\t\t\t\t<div class=\"elementor-column elementor-col-100 elementor-top-column elementor-element elementor-element-19af4c9\" data-id=\"19af4c9\" data-element_type=\"column\" data-e-type=\"column\">\n\t\t\t<div class=\"elementor-widget-wrap elementor-element-populated\">\n\t\t\t\t\t\t<div class=\"elementor-element elementor-element-5b31b39 elementor-widget elementor-widget-image\" data-id=\"5b31b39\" data-element_type=\"widget\" data-e-type=\"widget\" data-widget_type=\"image.default\">\n\t\t\t\t<div class=\"elementor-widget-container\">\n\t\t\t\t\t\t\t\t\t\t\t\t<figure class=\"wp-caption\">\n\t\t\t\t\t\t\t\t\t\t<img decoding=\"async\" src=\"https:\/\/www.narraajan.fi\/wp-content\/uploads\/elementor\/thumbs\/karavaani-q9ao21viopbxr8qoh55032os900xar74eu4z91us5g.jpg\" title=\"karavaani\" alt=\"karavaani\" loading=\"lazy\" \/>\t\t\t\t\t\t\t\t\t\t\t<figcaption class=\"widget-image-caption wp-caption-text\">Karavaani jatkaa kulkuaan (kuva Eva Raudasoja)<\/figcaption>\n\t\t\t\t\t\t\t\t\t\t<\/figure>\n\t\t\t\t\t\t\t\t\t<\/div>\n\t\t\t\t<\/div>\n\t\t\t\t\t<\/div>\n\t\t<\/div>\n\t\t\t\t\t<\/div>\n\t\t<\/section>\n\t\t\t\t<\/div>\n\t\t","protected":false},"excerpt":{"rendered":"<p>Tampere NORD, Tampere KV, Helsinki KV, Espoo RN, erkkari, Rovaniemi KV, Jyv\u00e4skyl\u00e4 KV, Oulu KV, Oulu Nord Kev\u00e4\u00e4n pitk\u00e4n n\u00e4yttelytauon j\u00e4lkeen kes\u00e4n kausi p\u00e4\u00e4si kunnolla k\u00e4yntiin. Etel\u00e4n pojat aloittivat kev\u00e4tkauden Tampereelta. Ensin NORD n\u00e4ttelyss\u00e4 Paula Heikkinen-Lehkosen arvosteltava Nero voitti nuorten luokan ja sijoittui urosten nelj\u00e4nneksi ja seuraavana p\u00e4iv\u00e4n\u00e4 kansainv\u00e4lisess\u00e4 n\u00e4yttelyss\u00e4 Astrid Lundavalla pojat olivat nuorten &#8230; <a title=\"Kes\u00e4n n\u00e4yttelykausi py\u00f6r\u00e4hti k\u00e4yntiin&#8230;\" class=\"read-more\" href=\"https:\/\/www.narraajan.fi\/index.php\/2023\/07\/12\/kesan-nayttelykausi-pyorahti-kayntiin-helsinki-kv-espoo-rn-erkkari-rovaniemi-kv-jyvaskyla-kv\/\" aria-label=\"Lue lis\u00e4\u00e4 aiheesta Kes\u00e4n n\u00e4yttelykausi py\u00f6r\u00e4hti k\u00e4yntiin&#8230;\">Lue lis\u00e4\u00e4<\/a><\/p>\n","protected":false},"author":1,"featured_media":2175,"comment_status":"closed","ping_status":"open","sticky":false,"template":"","format":"status","meta":{"footnotes":""},"categories":[16],"tags":[],"class_list":["post-2169","post","type-post","status-publish","format-status","has-post-thumbnail","hentry","category-kuulumisia","post_format-post-format-status"],"yoast_head":"<!-- This site is optimized with the Yoast SEO plugin v27.3 - https:\/\/yoast.com\/product\/yoast-seo-wordpress\/ -->\n<title>Kes\u00e4n n\u00e4yttelykausi py\u00f6r\u00e4hti k\u00e4yntiin... - Narraajan<\/title>\n<meta name=\"robots\" content=\"index, follow, max-snippet:-1, max-image-preview:large, max-video-preview:-1\" \/>\n<link rel=\"canonical\" href=\"https:\/\/www.narraajan.fi\/index.php\/2023\/07\/12\/kesan-nayttelykausi-pyorahti-kayntiin-helsinki-kv-espoo-rn-erkkari-rovaniemi-kv-jyvaskyla-kv\/\" \/>\n<meta property=\"og:locale\" content=\"fi_FI\" \/>\n<meta property=\"og:type\" content=\"article\" \/>\n<meta property=\"og:title\" content=\"Kes\u00e4n n\u00e4yttelykausi py\u00f6r\u00e4hti k\u00e4yntiin... - Narraajan\" \/>\n<meta property=\"og:description\" content=\"Tampere NORD, Tampere KV, Helsinki KV, Espoo RN, erkkari, Rovaniemi KV, Jyv\u00e4skyl\u00e4 KV, Oulu KV, Oulu Nord Kev\u00e4\u00e4n pitk\u00e4n n\u00e4yttelytauon j\u00e4lkeen kes\u00e4n kausi p\u00e4\u00e4si kunnolla k\u00e4yntiin. Etel\u00e4n pojat aloittivat kev\u00e4tkauden Tampereelta. Ensin NORD n\u00e4ttelyss\u00e4 Paula Heikkinen-Lehkosen arvosteltava Nero voitti nuorten luokan ja sijoittui urosten nelj\u00e4nneksi ja seuraavana p\u00e4iv\u00e4n\u00e4 kansainv\u00e4lisess\u00e4 n\u00e4yttelyss\u00e4 Astrid Lundavalla pojat olivat nuorten ... Lue lis\u00e4\u00e4\" \/>\n<meta property=\"og:url\" content=\"https:\/\/www.narraajan.fi\/index.php\/2023\/07\/12\/kesan-nayttelykausi-pyorahti-kayntiin-helsinki-kv-espoo-rn-erkkari-rovaniemi-kv-jyvaskyla-kv\/\" \/>\n<meta property=\"og:site_name\" content=\"Narraajan\" \/>\n<meta property=\"article:publisher\" content=\"https:\/\/www.facebook.com\/Narraajan\" \/>\n<meta property=\"article:author\" content=\"https:\/\/www.facebook.com\/Narraajan\" \/>\n<meta property=\"article:published_time\" content=\"2023-07-12T08:30:47+00:00\" \/>\n<meta property=\"article:modified_time\" content=\"2023-07-12T08:31:29+00:00\" \/>\n<meta property=\"og:image\" content=\"https:\/\/www.narraajan.fi\/wp-content\/uploads\/2023\/06\/10062023-1128-1024x683.png\" \/>\n\t<meta property=\"og:image:width\" content=\"1024\" \/>\n\t<meta property=\"og:image:height\" content=\"683\" \/>\n\t<meta property=\"og:image:type\" content=\"image\/png\" \/>\n<meta name=\"author\" content=\"Petra\" \/>\n<meta name=\"twitter:card\" content=\"summary_large_image\" \/>\n<meta name=\"twitter:label1\" content=\"Kirjoittanut\" \/>\n\t<meta name=\"twitter:data1\" content=\"Petra\" \/>\n\t<meta name=\"twitter:label2\" content=\"Arvioitu lukuaika\" \/>\n\t<meta name=\"twitter:data2\" content=\"10 minuuttia\" \/>\n<script type=\"application\/ld+json\" class=\"yoast-schema-graph\">{\"@context\":\"https:\\\/\\\/schema.org\",\"@graph\":[{\"@type\":\"Article\",\"@id\":\"https:\\\/\\\/www.narraajan.fi\\\/index.php\\\/2023\\\/07\\\/12\\\/kesan-nayttelykausi-pyorahti-kayntiin-helsinki-kv-espoo-rn-erkkari-rovaniemi-kv-jyvaskyla-kv\\\/#article\",\"isPartOf\":{\"@id\":\"https:\\\/\\\/www.narraajan.fi\\\/index.php\\\/2023\\\/07\\\/12\\\/kesan-nayttelykausi-pyorahti-kayntiin-helsinki-kv-espoo-rn-erkkari-rovaniemi-kv-jyvaskyla-kv\\\/\"},\"author\":{\"name\":\"Petra\",\"@id\":\"https:\\\/\\\/www.narraajan.fi\\\/#\\\/schema\\\/person\\\/ebaa60c43ca934da6f0abe1eb700f5da\"},\"headline\":\"Kes\u00e4n n\u00e4yttelykausi py\u00f6r\u00e4hti k\u00e4yntiin&#8230;\",\"datePublished\":\"2023-07-12T08:30:47+00:00\",\"dateModified\":\"2023-07-12T08:31:29+00:00\",\"mainEntityOfPage\":{\"@id\":\"https:\\\/\\\/www.narraajan.fi\\\/index.php\\\/2023\\\/07\\\/12\\\/kesan-nayttelykausi-pyorahti-kayntiin-helsinki-kv-espoo-rn-erkkari-rovaniemi-kv-jyvaskyla-kv\\\/\"},\"wordCount\":942,\"image\":{\"@id\":\"https:\\\/\\\/www.narraajan.fi\\\/index.php\\\/2023\\\/07\\\/12\\\/kesan-nayttelykausi-pyorahti-kayntiin-helsinki-kv-espoo-rn-erkkari-rovaniemi-kv-jyvaskyla-kv\\\/#primaryimage\"},\"thumbnailUrl\":\"https:\\\/\\\/www.narraajan.fi\\\/wp-content\\\/uploads\\\/2023\\\/06\\\/10062023-1128.png\",\"articleSection\":[\"Kuulumisia\"],\"inLanguage\":\"fi\"},{\"@type\":\"WebPage\",\"@id\":\"https:\\\/\\\/www.narraajan.fi\\\/index.php\\\/2023\\\/07\\\/12\\\/kesan-nayttelykausi-pyorahti-kayntiin-helsinki-kv-espoo-rn-erkkari-rovaniemi-kv-jyvaskyla-kv\\\/\",\"url\":\"https:\\\/\\\/www.narraajan.fi\\\/index.php\\\/2023\\\/07\\\/12\\\/kesan-nayttelykausi-pyorahti-kayntiin-helsinki-kv-espoo-rn-erkkari-rovaniemi-kv-jyvaskyla-kv\\\/\",\"name\":\"Kes\u00e4n n\u00e4yttelykausi py\u00f6r\u00e4hti k\u00e4yntiin... - Narraajan\",\"isPartOf\":{\"@id\":\"https:\\\/\\\/www.narraajan.fi\\\/#website\"},\"primaryImageOfPage\":{\"@id\":\"https:\\\/\\\/www.narraajan.fi\\\/index.php\\\/2023\\\/07\\\/12\\\/kesan-nayttelykausi-pyorahti-kayntiin-helsinki-kv-espoo-rn-erkkari-rovaniemi-kv-jyvaskyla-kv\\\/#primaryimage\"},\"image\":{\"@id\":\"https:\\\/\\\/www.narraajan.fi\\\/index.php\\\/2023\\\/07\\\/12\\\/kesan-nayttelykausi-pyorahti-kayntiin-helsinki-kv-espoo-rn-erkkari-rovaniemi-kv-jyvaskyla-kv\\\/#primaryimage\"},\"thumbnailUrl\":\"https:\\\/\\\/www.narraajan.fi\\\/wp-content\\\/uploads\\\/2023\\\/06\\\/10062023-1128.png\",\"datePublished\":\"2023-07-12T08:30:47+00:00\",\"dateModified\":\"2023-07-12T08:31:29+00:00\",\"author\":{\"@id\":\"https:\\\/\\\/www.narraajan.fi\\\/#\\\/schema\\\/person\\\/ebaa60c43ca934da6f0abe1eb700f5da\"},\"breadcrumb\":{\"@id\":\"https:\\\/\\\/www.narraajan.fi\\\/index.php\\\/2023\\\/07\\\/12\\\/kesan-nayttelykausi-pyorahti-kayntiin-helsinki-kv-espoo-rn-erkkari-rovaniemi-kv-jyvaskyla-kv\\\/#breadcrumb\"},\"inLanguage\":\"fi\",\"potentialAction\":[{\"@type\":\"ReadAction\",\"target\":[\"https:\\\/\\\/www.narraajan.fi\\\/index.php\\\/2023\\\/07\\\/12\\\/kesan-nayttelykausi-pyorahti-kayntiin-helsinki-kv-espoo-rn-erkkari-rovaniemi-kv-jyvaskyla-kv\\\/\"]}]},{\"@type\":\"ImageObject\",\"inLanguage\":\"fi\",\"@id\":\"https:\\\/\\\/www.narraajan.fi\\\/index.php\\\/2023\\\/07\\\/12\\\/kesan-nayttelykausi-pyorahti-kayntiin-helsinki-kv-espoo-rn-erkkari-rovaniemi-kv-jyvaskyla-kv\\\/#primaryimage\",\"url\":\"https:\\\/\\\/www.narraajan.fi\\\/wp-content\\\/uploads\\\/2023\\\/06\\\/10062023-1128.png\",\"contentUrl\":\"https:\\\/\\\/www.narraajan.fi\\\/wp-content\\\/uploads\\\/2023\\\/06\\\/10062023-1128.png\",\"width\":2048,\"height\":1365},{\"@type\":\"BreadcrumbList\",\"@id\":\"https:\\\/\\\/www.narraajan.fi\\\/index.php\\\/2023\\\/07\\\/12\\\/kesan-nayttelykausi-pyorahti-kayntiin-helsinki-kv-espoo-rn-erkkari-rovaniemi-kv-jyvaskyla-kv\\\/#breadcrumb\",\"itemListElement\":[{\"@type\":\"ListItem\",\"position\":1,\"name\":\"Etusivu\",\"item\":\"https:\\\/\\\/www.narraajan.fi\\\/\"},{\"@type\":\"ListItem\",\"position\":2,\"name\":\"Kes\u00e4n n\u00e4yttelykausi py\u00f6r\u00e4hti k\u00e4yntiin&#8230;\"}]},{\"@type\":\"WebSite\",\"@id\":\"https:\\\/\\\/www.narraajan.fi\\\/#website\",\"url\":\"https:\\\/\\\/www.narraajan.fi\\\/\",\"name\":\"Narraajan\",\"description\":\"\",\"potentialAction\":[{\"@type\":\"SearchAction\",\"target\":{\"@type\":\"EntryPoint\",\"urlTemplate\":\"https:\\\/\\\/www.narraajan.fi\\\/?s={search_term_string}\"},\"query-input\":{\"@type\":\"PropertyValueSpecification\",\"valueRequired\":true,\"valueName\":\"search_term_string\"}}],\"inLanguage\":\"fi\"},{\"@type\":\"Person\",\"@id\":\"https:\\\/\\\/www.narraajan.fi\\\/#\\\/schema\\\/person\\\/ebaa60c43ca934da6f0abe1eb700f5da\",\"name\":\"Petra\",\"image\":{\"@type\":\"ImageObject\",\"inLanguage\":\"fi\",\"@id\":\"https:\\\/\\\/secure.gravatar.com\\\/avatar\\\/9920f765c55ee9e3045c66b0785aaf5e40ce6cbd248c914947b4d8747a3e3fa5?s=96&d=mm&r=g\",\"url\":\"https:\\\/\\\/secure.gravatar.com\\\/avatar\\\/9920f765c55ee9e3045c66b0785aaf5e40ce6cbd248c914947b4d8747a3e3fa5?s=96&d=mm&r=g\",\"contentUrl\":\"https:\\\/\\\/secure.gravatar.com\\\/avatar\\\/9920f765c55ee9e3045c66b0785aaf5e40ce6cbd248c914947b4d8747a3e3fa5?s=96&d=mm&r=g\",\"caption\":\"Petra\"},\"sameAs\":[\"http:\\\/\\\/www.narraajan.fi\",\"https:\\\/\\\/www.facebook.com\\\/Narraajan\"],\"url\":\"https:\\\/\\\/www.narraajan.fi\\\/index.php\\\/author\\\/admin\\\/\"}]}<\/script>\n<!-- \/ Yoast SEO plugin. -->","yoast_head_json":{"title":"Kes\u00e4n n\u00e4yttelykausi py\u00f6r\u00e4hti k\u00e4yntiin... - Narraajan","robots":{"index":"index","follow":"follow","max-snippet":"max-snippet:-1","max-image-preview":"max-image-preview:large","max-video-preview":"max-video-preview:-1"},"canonical":"https:\/\/www.narraajan.fi\/index.php\/2023\/07\/12\/kesan-nayttelykausi-pyorahti-kayntiin-helsinki-kv-espoo-rn-erkkari-rovaniemi-kv-jyvaskyla-kv\/","og_locale":"fi_FI","og_type":"article","og_title":"Kes\u00e4n n\u00e4yttelykausi py\u00f6r\u00e4hti k\u00e4yntiin... - Narraajan","og_description":"Tampere NORD, Tampere KV, Helsinki KV, Espoo RN, erkkari, Rovaniemi KV, Jyv\u00e4skyl\u00e4 KV, Oulu KV, Oulu Nord Kev\u00e4\u00e4n pitk\u00e4n n\u00e4yttelytauon j\u00e4lkeen kes\u00e4n kausi p\u00e4\u00e4si kunnolla k\u00e4yntiin. Etel\u00e4n pojat aloittivat kev\u00e4tkauden Tampereelta. Ensin NORD n\u00e4ttelyss\u00e4 Paula Heikkinen-Lehkosen arvosteltava Nero voitti nuorten luokan ja sijoittui urosten nelj\u00e4nneksi ja seuraavana p\u00e4iv\u00e4n\u00e4 kansainv\u00e4lisess\u00e4 n\u00e4yttelyss\u00e4 Astrid Lundavalla pojat olivat nuorten ... Lue lis\u00e4\u00e4","og_url":"https:\/\/www.narraajan.fi\/index.php\/2023\/07\/12\/kesan-nayttelykausi-pyorahti-kayntiin-helsinki-kv-espoo-rn-erkkari-rovaniemi-kv-jyvaskyla-kv\/","og_site_name":"Narraajan","article_publisher":"https:\/\/www.facebook.com\/Narraajan","article_author":"https:\/\/www.facebook.com\/Narraajan","article_published_time":"2023-07-12T08:30:47+00:00","article_modified_time":"2023-07-12T08:31:29+00:00","og_image":[{"width":1024,"height":683,"url":"https:\/\/www.narraajan.fi\/wp-content\/uploads\/2023\/06\/10062023-1128-1024x683.png","type":"image\/png"}],"author":"Petra","twitter_card":"summary_large_image","twitter_misc":{"Kirjoittanut":"Petra","Arvioitu lukuaika":"10 minuuttia"},"schema":{"@context":"https:\/\/schema.org","@graph":[{"@type":"Article","@id":"https:\/\/www.narraajan.fi\/index.php\/2023\/07\/12\/kesan-nayttelykausi-pyorahti-kayntiin-helsinki-kv-espoo-rn-erkkari-rovaniemi-kv-jyvaskyla-kv\/#article","isPartOf":{"@id":"https:\/\/www.narraajan.fi\/index.php\/2023\/07\/12\/kesan-nayttelykausi-pyorahti-kayntiin-helsinki-kv-espoo-rn-erkkari-rovaniemi-kv-jyvaskyla-kv\/"},"author":{"name":"Petra","@id":"https:\/\/www.narraajan.fi\/#\/schema\/person\/ebaa60c43ca934da6f0abe1eb700f5da"},"headline":"Kes\u00e4n n\u00e4yttelykausi py\u00f6r\u00e4hti k\u00e4yntiin&#8230;","datePublished":"2023-07-12T08:30:47+00:00","dateModified":"2023-07-12T08:31:29+00:00","mainEntityOfPage":{"@id":"https:\/\/www.narraajan.fi\/index.php\/2023\/07\/12\/kesan-nayttelykausi-pyorahti-kayntiin-helsinki-kv-espoo-rn-erkkari-rovaniemi-kv-jyvaskyla-kv\/"},"wordCount":942,"image":{"@id":"https:\/\/www.narraajan.fi\/index.php\/2023\/07\/12\/kesan-nayttelykausi-pyorahti-kayntiin-helsinki-kv-espoo-rn-erkkari-rovaniemi-kv-jyvaskyla-kv\/#primaryimage"},"thumbnailUrl":"https:\/\/www.narraajan.fi\/wp-content\/uploads\/2023\/06\/10062023-1128.png","articleSection":["Kuulumisia"],"inLanguage":"fi"},{"@type":"WebPage","@id":"https:\/\/www.narraajan.fi\/index.php\/2023\/07\/12\/kesan-nayttelykausi-pyorahti-kayntiin-helsinki-kv-espoo-rn-erkkari-rovaniemi-kv-jyvaskyla-kv\/","url":"https:\/\/www.narraajan.fi\/index.php\/2023\/07\/12\/kesan-nayttelykausi-pyorahti-kayntiin-helsinki-kv-espoo-rn-erkkari-rovaniemi-kv-jyvaskyla-kv\/","name":"Kes\u00e4n n\u00e4yttelykausi py\u00f6r\u00e4hti k\u00e4yntiin... - Narraajan","isPartOf":{"@id":"https:\/\/www.narraajan.fi\/#website"},"primaryImageOfPage":{"@id":"https:\/\/www.narraajan.fi\/index.php\/2023\/07\/12\/kesan-nayttelykausi-pyorahti-kayntiin-helsinki-kv-espoo-rn-erkkari-rovaniemi-kv-jyvaskyla-kv\/#primaryimage"},"image":{"@id":"https:\/\/www.narraajan.fi\/index.php\/2023\/07\/12\/kesan-nayttelykausi-pyorahti-kayntiin-helsinki-kv-espoo-rn-erkkari-rovaniemi-kv-jyvaskyla-kv\/#primaryimage"},"thumbnailUrl":"https:\/\/www.narraajan.fi\/wp-content\/uploads\/2023\/06\/10062023-1128.png","datePublished":"2023-07-12T08:30:47+00:00","dateModified":"2023-07-12T08:31:29+00:00","author":{"@id":"https:\/\/www.narraajan.fi\/#\/schema\/person\/ebaa60c43ca934da6f0abe1eb700f5da"},"breadcrumb":{"@id":"https:\/\/www.narraajan.fi\/index.php\/2023\/07\/12\/kesan-nayttelykausi-pyorahti-kayntiin-helsinki-kv-espoo-rn-erkkari-rovaniemi-kv-jyvaskyla-kv\/#breadcrumb"},"inLanguage":"fi","potentialAction":[{"@type":"ReadAction","target":["https:\/\/www.narraajan.fi\/index.php\/2023\/07\/12\/kesan-nayttelykausi-pyorahti-kayntiin-helsinki-kv-espoo-rn-erkkari-rovaniemi-kv-jyvaskyla-kv\/"]}]},{"@type":"ImageObject","inLanguage":"fi","@id":"https:\/\/www.narraajan.fi\/index.php\/2023\/07\/12\/kesan-nayttelykausi-pyorahti-kayntiin-helsinki-kv-espoo-rn-erkkari-rovaniemi-kv-jyvaskyla-kv\/#primaryimage","url":"https:\/\/www.narraajan.fi\/wp-content\/uploads\/2023\/06\/10062023-1128.png","contentUrl":"https:\/\/www.narraajan.fi\/wp-content\/uploads\/2023\/06\/10062023-1128.png","width":2048,"height":1365},{"@type":"BreadcrumbList","@id":"https:\/\/www.narraajan.fi\/index.php\/2023\/07\/12\/kesan-nayttelykausi-pyorahti-kayntiin-helsinki-kv-espoo-rn-erkkari-rovaniemi-kv-jyvaskyla-kv\/#breadcrumb","itemListElement":[{"@type":"ListItem","position":1,"name":"Etusivu","item":"https:\/\/www.narraajan.fi\/"},{"@type":"ListItem","position":2,"name":"Kes\u00e4n n\u00e4yttelykausi py\u00f6r\u00e4hti k\u00e4yntiin&#8230;"}]},{"@type":"WebSite","@id":"https:\/\/www.narraajan.fi\/#website","url":"https:\/\/www.narraajan.fi\/","name":"Narraajan","description":"","potentialAction":[{"@type":"SearchAction","target":{"@type":"EntryPoint","urlTemplate":"https:\/\/www.narraajan.fi\/?s={search_term_string}"},"query-input":{"@type":"PropertyValueSpecification","valueRequired":true,"valueName":"search_term_string"}}],"inLanguage":"fi"},{"@type":"Person","@id":"https:\/\/www.narraajan.fi\/#\/schema\/person\/ebaa60c43ca934da6f0abe1eb700f5da","name":"Petra","image":{"@type":"ImageObject","inLanguage":"fi","@id":"https:\/\/secure.gravatar.com\/avatar\/9920f765c55ee9e3045c66b0785aaf5e40ce6cbd248c914947b4d8747a3e3fa5?s=96&d=mm&r=g","url":"https:\/\/secure.gravatar.com\/avatar\/9920f765c55ee9e3045c66b0785aaf5e40ce6cbd248c914947b4d8747a3e3fa5?s=96&d=mm&r=g","contentUrl":"https:\/\/secure.gravatar.com\/avatar\/9920f765c55ee9e3045c66b0785aaf5e40ce6cbd248c914947b4d8747a3e3fa5?s=96&d=mm&r=g","caption":"Petra"},"sameAs":["http:\/\/www.narraajan.fi","https:\/\/www.facebook.com\/Narraajan"],"url":"https:\/\/www.narraajan.fi\/index.php\/author\/admin\/"}]}},"_links":{"self":[{"href":"https:\/\/www.narraajan.fi\/index.php\/wp-json\/wp\/v2\/posts\/2169","targetHints":{"allow":["GET"]}}],"collection":[{"href":"https:\/\/www.narraajan.fi\/index.php\/wp-json\/wp\/v2\/posts"}],"about":[{"href":"https:\/\/www.narraajan.fi\/index.php\/wp-json\/wp\/v2\/types\/post"}],"author":[{"embeddable":true,"href":"https:\/\/www.narraajan.fi\/index.php\/wp-json\/wp\/v2\/users\/1"}],"replies":[{"embeddable":true,"href":"https:\/\/www.narraajan.fi\/index.php\/wp-json\/wp\/v2\/comments?post=2169"}],"version-history":[{"count":14,"href":"https:\/\/www.narraajan.fi\/index.php\/wp-json\/wp\/v2\/posts\/2169\/revisions"}],"predecessor-version":[{"id":2209,"href":"https:\/\/www.narraajan.fi\/index.php\/wp-json\/wp\/v2\/posts\/2169\/revisions\/2209"}],"wp:featuredmedia":[{"embeddable":true,"href":"https:\/\/www.narraajan.fi\/index.php\/wp-json\/wp\/v2\/media\/2175"}],"wp:attachment":[{"href":"https:\/\/www.narraajan.fi\/index.php\/wp-json\/wp\/v2\/media?parent=2169"}],"wp:term":[{"taxonomy":"category","embeddable":true,"href":"https:\/\/www.narraajan.fi\/index.php\/wp-json\/wp\/v2\/categories?post=2169"},{"taxonomy":"post_tag","embeddable":true,"href":"https:\/\/www.narraajan.fi\/index.php\/wp-json\/wp\/v2\/tags?post=2169"}],"curies":[{"name":"wp","href":"https:\/\/api.w.org\/{rel}","templated":true}]}}