{"id":2489,"date":"2023-12-23T19:14:26","date_gmt":"2023-12-23T19:14:26","guid":{"rendered":"https:\/\/www.narraajan.fi\/?p=2489"},"modified":"2023-12-26T14:51:40","modified_gmt":"2023-12-26T14:51:40","slug":"helsinki-16-17-12-20","status":"publish","type":"post","link":"https:\/\/www.narraajan.fi\/index.php\/2023\/12\/23\/helsinki-16-17-12-20\/","title":{"rendered":"Helsinki 16.-17.12.2023"},"content":{"rendered":"\t\t<div data-elementor-type=\"wp-post\" data-elementor-id=\"2489\" class=\"elementor elementor-2489\">\n\t\t\t\t\t\t<section class=\"elementor-section elementor-top-section elementor-element elementor-element-338492d elementor-section-boxed elementor-section-height-default elementor-section-height-default\" data-id=\"338492d\" data-element_type=\"section\" data-e-type=\"section\">\n\t\t\t\t\t\t<div class=\"elementor-container elementor-column-gap-default\">\n\t\t\t\t\t<div class=\"elementor-column elementor-col-100 elementor-top-column elementor-element elementor-element-ed79dbc\" data-id=\"ed79dbc\" data-element_type=\"column\" data-e-type=\"column\">\n\t\t\t<div class=\"elementor-widget-wrap elementor-element-populated\">\n\t\t\t\t\t\t<div class=\"elementor-element elementor-element-68596cd elementor-widget elementor-widget-image\" data-id=\"68596cd\" data-element_type=\"widget\" data-e-type=\"widget\" data-widget_type=\"image.default\">\n\t\t\t\t<div class=\"elementor-widget-container\">\n\t\t\t\t\t\t\t\t\t\t\t\t\t\t\t<img decoding=\"async\" src=\"https:\/\/www.narraajan.fi\/wp-content\/uploads\/elementor\/thumbs\/harmi-qh8wchyrfis0c5j04ky0ihg1zwja0wviv6rdgly5xw.jpg\" title=\"harmi\" alt=\"harmi\" loading=\"lazy\" \/>\t\t\t\t\t\t\t\t\t\t\t\t\t\t\t<\/div>\n\t\t\t\t<\/div>\n\t\t\t\t\t<\/div>\n\t\t<\/div>\n\t\t\t\t\t<\/div>\n\t\t<\/section>\n\t\t\t\t<section class=\"elementor-section elementor-top-section elementor-element elementor-element-098f0d3 elementor-section-boxed elementor-section-height-default elementor-section-height-default\" data-id=\"098f0d3\" data-element_type=\"section\" data-e-type=\"section\">\n\t\t\t\t\t\t<div class=\"elementor-container elementor-column-gap-default\">\n\t\t\t\t\t<div class=\"elementor-column elementor-col-100 elementor-top-column elementor-element elementor-element-6ecb9b3\" data-id=\"6ecb9b3\" data-element_type=\"column\" data-e-type=\"column\">\n\t\t\t<div class=\"elementor-widget-wrap elementor-element-populated\">\n\t\t\t\t\t\t<div class=\"elementor-element elementor-element-f759a92 elementor-widget elementor-widget-text-editor\" data-id=\"f759a92\" data-element_type=\"widget\" data-e-type=\"widget\" data-widget_type=\"text-editor.default\">\n\t\t\t\t<div class=\"elementor-widget-container\">\n\t\t\t\t\t\t\t\t\t<p>N\u00e4yttelyvuosi huipentuu t\u00e4\u00e4ll\u00e4 Suomessa aina perinteisiin Helsingin Messukeskuksen n\u00e4yttelyihin joulukuussa. T\u00e4n\u00e4 vuonna n\u00e4yttelyt j\u00e4rjestettiin vain viikkoa ennen jouluaattoa, mutta eih\u00e4n se tietenk\u00e4\u00e4n est\u00e4nyt meit\u00e4k\u00e4\u00e4n l\u00e4htem\u00e4st\u00e4 t\u00e4h\u00e4n vuoden kohokohtaan. Se mik\u00e4 saa l\u00e4htem\u00e4\u00e4n vuosi vuoden j\u00e4lkeen ei ole niink\u00e4\u00e4n hyvien tulosten toivo vaan yst\u00e4vien ja tuttavien n\u00e4keminen keh\u00e4n reunalla ja hienojen koirien tapaaminen.<br \/><br \/>\u00a0Meilt\u00e4 kehiin oli ilmoitettu vain Harmi (Narraajan Pohjolan Harlekiini)\u00a0 ja kasvateista Nero (Narraajan Preiskarin Vartija). Sisarukset esiintyiv\u00e4t nyt ensimm\u00e4ist\u00e4 kertaa Suomen n\u00e4yttelyiss\u00e4 valioluokassa reilu parivuotiaana, joten kovin kummoisia odotuksia ei ollut kovissa valioluokan kisoissa. L\u00e4htiess\u00e4 toivottiin ett\u00e4 jos ERI saadaan niin tavoitteet on t\u00e4yttynyt.<br \/><br \/>Launtaina oli ensin Helsinki Winner-n\u00e4yttely joka j\u00e4rjestettiin Nord-n\u00e4yttelyn\u00e4. Snautsereilla tuomarina oli Annukka Paloheimo. Nero sai el\u00e4m\u00e4ns\u00e4 ensimm\u00e4isen EH:n, tuomari toivoi voimakkaampia kulmauksia ja tehokkaampaa takaliikett\u00e4. Harmi sai sile\u00e4n ERI:n, hyv\u00e4n arvostelun mutta sillekin toivottiin enemm\u00e4n kulmauksia ja voimaa takaliikkeisiin.\u00a0 P\u00e4iv\u00e4n parhaat olivat Bozen Caius ja Mihan Dafne, onnea hienoille voittajille!<br \/><br \/>N\u00e4yttelyn j\u00e4lkeen ajeltiin iltap\u00e4iv\u00e4kaffille Mihalan m\u00e4elle. Onnellinen Narri p\u00e4\u00e4si k\u00e4ym\u00e4\u00e4n synnyinkotonaan kuusi ja puoli vuotta maailmalle l\u00e4ht\u00f6ns\u00e4 j\u00e4lkeen ja niin oli kuin olisi kotiinsa mennyt. Monta tuntia kului rattoisasti Saimin ja Ahdin kanssa jutustellessa, menneit\u00e4 muistellessa ja nykyp\u00e4iv\u00e4n snautsereita tarkastellessa.<\/p>\t\t\t\t\t\t\t\t<\/div>\n\t\t\t\t<\/div>\n\t\t\t\t\t<\/div>\n\t\t<\/div>\n\t\t\t\t\t<\/div>\n\t\t<\/section>\n\t\t\t\t<section class=\"elementor-section elementor-top-section elementor-element elementor-element-30e3cfd elementor-section-boxed elementor-section-height-default elementor-section-height-default\" data-id=\"30e3cfd\" data-element_type=\"section\" data-e-type=\"section\">\n\t\t\t\t\t\t<div class=\"elementor-container elementor-column-gap-default\">\n\t\t\t\t\t<div class=\"elementor-column elementor-col-50 elementor-top-column elementor-element elementor-element-7025456\" data-id=\"7025456\" data-element_type=\"column\" data-e-type=\"column\">\n\t\t\t<div class=\"elementor-widget-wrap elementor-element-populated\">\n\t\t\t\t\t\t<div class=\"elementor-element elementor-element-2d69371 elementor-widget elementor-widget-image\" data-id=\"2d69371\" data-element_type=\"widget\" data-e-type=\"widget\" data-widget_type=\"image.default\">\n\t\t\t\t<div class=\"elementor-widget-container\">\n\t\t\t\t\t\t\t\t\t\t\t\t<figure class=\"wp-caption\">\n\t\t\t\t\t\t\t\t\t\t<img fetchpriority=\"high\" decoding=\"async\" width=\"1920\" height=\"2560\" src=\"https:\/\/www.narraajan.fi\/wp-content\/uploads\/2023\/12\/Mihala-scaled.jpg\" class=\"attachment-full size-full wp-image-2497\" alt=\"\" srcset=\"https:\/\/www.narraajan.fi\/wp-content\/uploads\/2023\/12\/Mihala-scaled.jpg 1920w, https:\/\/www.narraajan.fi\/wp-content\/uploads\/2023\/12\/Mihala-225x300.jpg 225w, https:\/\/www.narraajan.fi\/wp-content\/uploads\/2023\/12\/Mihala-768x1024.jpg 768w, https:\/\/www.narraajan.fi\/wp-content\/uploads\/2023\/12\/Mihala-1152x1536.jpg 1152w, https:\/\/www.narraajan.fi\/wp-content\/uploads\/2023\/12\/Mihala-1536x2048.jpg 1536w\" sizes=\"(max-width: 1920px) 100vw, 1920px\" \/>\t\t\t\t\t\t\t\t\t\t\t<figcaption class=\"widget-image-caption wp-caption-text\">Mihalassa Mihan El\u00e4m\u00e4nilo, Mihan Lunaria ja Narraajan Pohjolan Harlekiini<\/figcaption>\n\t\t\t\t\t\t\t\t\t\t<\/figure>\n\t\t\t\t\t\t\t\t\t<\/div>\n\t\t\t\t<\/div>\n\t\t\t\t\t<\/div>\n\t\t<\/div>\n\t\t\t\t<div class=\"elementor-column elementor-col-50 elementor-top-column elementor-element elementor-element-c0dca8c\" data-id=\"c0dca8c\" data-element_type=\"column\" data-e-type=\"column\">\n\t\t\t<div class=\"elementor-widget-wrap elementor-element-populated\">\n\t\t\t\t\t\t<div class=\"elementor-element elementor-element-45248d5 elementor-widget elementor-widget-image\" data-id=\"45248d5\" data-element_type=\"widget\" data-e-type=\"widget\" data-widget_type=\"image.default\">\n\t\t\t\t<div class=\"elementor-widget-container\">\n\t\t\t\t\t\t\t\t\t\t\t\t<figure class=\"wp-caption\">\n\t\t\t\t\t\t\t\t\t\t<img decoding=\"async\" width=\"1024\" height=\"768\" src=\"https:\/\/www.narraajan.fi\/wp-content\/uploads\/2023\/12\/Narri-1024x768.jpg\" class=\"attachment-large size-large wp-image-2498\" alt=\"\" srcset=\"https:\/\/www.narraajan.fi\/wp-content\/uploads\/2023\/12\/Narri-1024x768.jpg 1024w, https:\/\/www.narraajan.fi\/wp-content\/uploads\/2023\/12\/Narri-300x225.jpg 300w, https:\/\/www.narraajan.fi\/wp-content\/uploads\/2023\/12\/Narri-768x576.jpg 768w, https:\/\/www.narraajan.fi\/wp-content\/uploads\/2023\/12\/Narri-1536x1152.jpg 1536w, https:\/\/www.narraajan.fi\/wp-content\/uploads\/2023\/12\/Narri-2048x1536.jpg 2048w\" sizes=\"(max-width: 1024px) 100vw, 1024px\" \/>\t\t\t\t\t\t\t\t\t\t\t<figcaption class=\"widget-image-caption wp-caption-text\">Kaksi arvokasta ladya, Saimi ja Narri<\/figcaption>\n\t\t\t\t\t\t\t\t\t\t<\/figure>\n\t\t\t\t\t\t\t\t\t<\/div>\n\t\t\t\t<\/div>\n\t\t\t\t\t<\/div>\n\t\t<\/div>\n\t\t\t\t\t<\/div>\n\t\t<\/section>\n\t\t\t\t<section class=\"elementor-section elementor-top-section elementor-element elementor-element-11b942f elementor-section-boxed elementor-section-height-default elementor-section-height-default\" data-id=\"11b942f\" data-element_type=\"section\" data-e-type=\"section\">\n\t\t\t\t\t\t<div class=\"elementor-container elementor-column-gap-default\">\n\t\t\t\t\t<div class=\"elementor-column elementor-col-100 elementor-top-column elementor-element elementor-element-a17d886\" data-id=\"a17d886\" data-element_type=\"column\" data-e-type=\"column\">\n\t\t\t<div class=\"elementor-widget-wrap elementor-element-populated\">\n\t\t\t\t\t\t<div class=\"elementor-element elementor-element-9ccfcd7 elementor-widget elementor-widget-text-editor\" data-id=\"9ccfcd7\" data-element_type=\"widget\" data-e-type=\"widget\" data-widget_type=\"text-editor.default\">\n\t\t\t\t<div class=\"elementor-widget-container\">\n\t\t\t\t\t\t\t\t\t<p>Sunnuntaina oli vuorossa Voittaja-n\u00e4yttely joka oli samalla kansainv\u00e4linen n\u00e4yttely. Snautsereita arvioi snautserispecialisti Marianne Holm Larnemaa. Nerolle ERI, ihan ei sijoille kuitenkaan p\u00e4\u00e4tynyt oli lopulta viidenten\u00e4 valiouroksissa. Harmi esiintyi kauniisti, nautti keh\u00e4ss\u00e4 olemisesta ja teki parhaansa. Se sai my\u00f6s aivan tosi upean arvostelun.\u00a0 T\u00e4m\u00e4 olisi hyvin riitt\u00e4nyt, mutta Harmipa yll\u00e4tti meid\u00e4t. Se nappasi valioluokan kakkossijan SA:lla ja p\u00e4\u00e4si n\u00e4in paras narttu-luokkaan. Kun tuomari valitsi nelj\u00e4 narttua jatkoon ja me oltiin Harmin kanssa siell\u00e4, tuntui uskomattomalta. Lopulta Harmi sijoittui upean Likan j\u00e4lkeen narttujen kakkoseksi!!! Huh huh. T\u00e4m\u00e4h\u00e4n tarkoitti my\u00f6s sit\u00e4, ett\u00e4 koska Likka on jo kansainv\u00e4linen valio, Harmin saama vara-cacib vahvistetaan cacibiksi! Tunnelma oli kyll\u00e4 hieno! P\u00e4iv\u00e4n parhaat olivat Likka eli Nettl Greit Prime Rose Mihan&#8217;s ja V\u00e4lkky eli Bonzen Caius.<\/p><p>Koska Harmi sai nyt kolmannen Cacibinsa, se j\u00e4\u00e4 odottelemaan ajan kulumista ja l\u00e4htee sitten vasta ensi vuoden syksyll\u00e4 aikaisintaan kokeilemaan onneaan sen viimeisen kanssa. Eli Harmille koitti aikaistettu loma n\u00e4yttelyhommista. Nyt me keskityt\u00e4\u00e4n sisarusten n\u00e4yttelytouhuihin hetkeksi.<\/p>\t\t\t\t\t\t\t\t<\/div>\n\t\t\t\t<\/div>\n\t\t\t\t\t<\/div>\n\t\t<\/div>\n\t\t\t\t\t<\/div>\n\t\t<\/section>\n\t\t\t\t<section class=\"elementor-section elementor-top-section elementor-element elementor-element-697b0a5 elementor-section-boxed elementor-section-height-default elementor-section-height-default\" data-id=\"697b0a5\" data-element_type=\"section\" data-e-type=\"section\">\n\t\t\t\t\t\t<div class=\"elementor-container elementor-column-gap-default\">\n\t\t\t\t\t<div class=\"elementor-column elementor-col-50 elementor-top-column elementor-element elementor-element-acd3bcb\" data-id=\"acd3bcb\" data-element_type=\"column\" data-e-type=\"column\">\n\t\t\t<div class=\"elementor-widget-wrap elementor-element-populated\">\n\t\t\t\t\t\t<div class=\"elementor-element elementor-element-cbd1b87 elementor-widget elementor-widget-image\" data-id=\"cbd1b87\" data-element_type=\"widget\" data-e-type=\"widget\" data-widget_type=\"image.default\">\n\t\t\t\t<div class=\"elementor-widget-container\">\n\t\t\t\t\t\t\t\t\t\t\t\t<figure class=\"wp-caption\">\n\t\t\t\t\t\t\t\t\t\t<img decoding=\"async\" width=\"683\" height=\"1024\" src=\"https:\/\/www.narraajan.fi\/wp-content\/uploads\/2023\/12\/410942300_7713854768630562_408665631147509722_n-683x1024.jpg\" class=\"attachment-large size-large wp-image-2491\" alt=\"\" srcset=\"https:\/\/www.narraajan.fi\/wp-content\/uploads\/2023\/12\/410942300_7713854768630562_408665631147509722_n-683x1024.jpg 683w, https:\/\/www.narraajan.fi\/wp-content\/uploads\/2023\/12\/410942300_7713854768630562_408665631147509722_n-200x300.jpg 200w, https:\/\/www.narraajan.fi\/wp-content\/uploads\/2023\/12\/410942300_7713854768630562_408665631147509722_n-768x1152.jpg 768w, https:\/\/www.narraajan.fi\/wp-content\/uploads\/2023\/12\/410942300_7713854768630562_408665631147509722_n-1024x1536.jpg 1024w, https:\/\/www.narraajan.fi\/wp-content\/uploads\/2023\/12\/410942300_7713854768630562_408665631147509722_n.jpg 1365w\" sizes=\"(max-width: 683px) 100vw, 683px\" \/>\t\t\t\t\t\t\t\t\t\t\t<figcaption class=\"widget-image-caption wp-caption-text\">Harmi (kuva Kimmo Alanen)<\/figcaption>\n\t\t\t\t\t\t\t\t\t\t<\/figure>\n\t\t\t\t\t\t\t\t\t<\/div>\n\t\t\t\t<\/div>\n\t\t\t\t\t<\/div>\n\t\t<\/div>\n\t\t\t\t<div class=\"elementor-column elementor-col-50 elementor-top-column elementor-element elementor-element-3ada188\" data-id=\"3ada188\" data-element_type=\"column\" data-e-type=\"column\">\n\t\t\t<div class=\"elementor-widget-wrap elementor-element-populated\">\n\t\t\t\t\t\t<div class=\"elementor-element elementor-element-1850546 elementor-widget elementor-widget-image\" data-id=\"1850546\" data-element_type=\"widget\" data-e-type=\"widget\" data-widget_type=\"image.default\">\n\t\t\t\t<div class=\"elementor-widget-container\">\n\t\t\t\t\t\t\t\t\t\t\t\t<figure class=\"wp-caption\">\n\t\t\t\t\t\t\t\t\t\t<img loading=\"lazy\" decoding=\"async\" width=\"1024\" height=\"653\" src=\"https:\/\/www.narraajan.fi\/wp-content\/uploads\/2023\/12\/Messari2023-3313-1024x653.png\" class=\"attachment-large size-large wp-image-2494\" alt=\"\" srcset=\"https:\/\/www.narraajan.fi\/wp-content\/uploads\/2023\/12\/Messari2023-3313-1024x653.png 1024w, https:\/\/www.narraajan.fi\/wp-content\/uploads\/2023\/12\/Messari2023-3313-300x191.png 300w, https:\/\/www.narraajan.fi\/wp-content\/uploads\/2023\/12\/Messari2023-3313-768x490.png 768w, https:\/\/www.narraajan.fi\/wp-content\/uploads\/2023\/12\/Messari2023-3313.png 1487w\" sizes=\"(max-width: 1024px) 100vw, 1024px\" \/>\t\t\t\t\t\t\t\t\t\t\t<figcaption class=\"widget-image-caption wp-caption-text\">Nero<\/figcaption>\n\t\t\t\t\t\t\t\t\t\t<\/figure>\n\t\t\t\t\t\t\t\t\t<\/div>\n\t\t\t\t<\/div>\n\t\t\t\t\t<\/div>\n\t\t<\/div>\n\t\t\t\t\t<\/div>\n\t\t<\/section>\n\t\t\t\t<section class=\"elementor-section elementor-top-section elementor-element elementor-element-f6f2802 elementor-section-boxed elementor-section-height-default elementor-section-height-default\" data-id=\"f6f2802\" data-element_type=\"section\" data-e-type=\"section\">\n\t\t\t\t\t\t<div class=\"elementor-container elementor-column-gap-default\">\n\t\t\t\t\t<div class=\"elementor-column elementor-col-100 elementor-top-column elementor-element elementor-element-e4e31e6\" data-id=\"e4e31e6\" data-element_type=\"column\" data-e-type=\"column\">\n\t\t\t<div class=\"elementor-widget-wrap elementor-element-populated\">\n\t\t\t\t\t\t<div class=\"elementor-element elementor-element-633450d elementor-widget elementor-widget-text-editor\" data-id=\"633450d\" data-element_type=\"widget\" data-e-type=\"widget\" data-widget_type=\"text-editor.default\">\n\t\t\t\t<div class=\"elementor-widget-container\">\n\t\t\t\t\t\t\t\t\t<p>Viikonloppu oli siis kertakaikkisen mukava niin tuloksellisesti kuin muutenkin. Niin paljon kivoja snautseri-ihmisi\u00e4 keh\u00e4n laidalla ja uusia koiratuttavuuksia ihailtavaksi. Kiitos kaikille, joiden koiriin sain viikonlopun aikana tutustua.<\/p><p>Meid\u00e4n koirat ansaitsevat kyll\u00e4 kehut taas j\u00e4lleen kerran my\u00f6s reissukavereina. Ei tuon helpompia automatkustajia voi ollakaan. Meid\u00e4n maalaiskoirat k\u00e4ytt\u00e4ytyiv\u00e4t ihan uskomattoman hienosti my\u00f6s niin kaupungin liikenteess\u00e4, hotellilla, ulkoilutusalueilla kuin n\u00e4yttelyss\u00e4kin. Tai no, pieni hotellikevennys saatiin aikaiseksi kun tytt\u00f6\u00e4 ei huvittanut odotella hotellihuoneessa, mutta ei siit\u00e4 sen enemp\u00e4\u00e4 :-))<\/p>\t\t\t\t\t\t\t\t<\/div>\n\t\t\t\t<\/div>\n\t\t\t\t\t<\/div>\n\t\t<\/div>\n\t\t\t\t\t<\/div>\n\t\t<\/section>\n\t\t\t\t<section class=\"elementor-section elementor-top-section elementor-element elementor-element-f173689 elementor-section-boxed elementor-section-height-default elementor-section-height-default\" data-id=\"f173689\" data-element_type=\"section\" data-e-type=\"section\">\n\t\t\t\t\t\t<div class=\"elementor-container elementor-column-gap-default\">\n\t\t\t\t\t<div class=\"elementor-column elementor-col-100 elementor-top-column elementor-element elementor-element-4a35017\" data-id=\"4a35017\" data-element_type=\"column\" data-e-type=\"column\">\n\t\t\t<div class=\"elementor-widget-wrap elementor-element-populated\">\n\t\t\t\t\t\t<div class=\"elementor-element elementor-element-1b7e30a elementor-widget elementor-widget-image\" data-id=\"1b7e30a\" data-element_type=\"widget\" data-e-type=\"widget\" data-widget_type=\"image.default\">\n\t\t\t\t<div class=\"elementor-widget-container\">\n\t\t\t\t\t\t\t\t\t\t\t\t<figure class=\"wp-caption\">\n\t\t\t\t\t\t\t\t\t\t<img decoding=\"async\" src=\"https:\/\/www.narraajan.fi\/wp-content\/uploads\/elementor\/thumbs\/ravintola-scaled-qh8wd4ioof33xvra09njv4p2n9kqhrsytcu0ecgu0w.jpg\" title=\"ravintola\" alt=\"ravintola\" loading=\"lazy\" \/>\t\t\t\t\t\t\t\t\t\t\t<figcaption class=\"widget-image-caption wp-caption-text\">Hyv\u00e4\u00e4 oli, kiitos.<\/figcaption>\n\t\t\t\t\t\t\t\t\t\t<\/figure>\n\t\t\t\t\t\t\t\t\t<\/div>\n\t\t\t\t<\/div>\n\t\t\t\t\t<\/div>\n\t\t<\/div>\n\t\t\t\t\t<\/div>\n\t\t<\/section>\n\t\t\t\t<\/div>\n\t\t","protected":false},"excerpt":{"rendered":"<p>N\u00e4yttelyvuosi huipentuu t\u00e4\u00e4ll\u00e4 Suomessa aina perinteisiin Helsingin Messukeskuksen n\u00e4yttelyihin joulukuussa. T\u00e4n\u00e4 vuonna n\u00e4yttelyt j\u00e4rjestettiin vain viikkoa ennen jouluaattoa, mutta eih\u00e4n se tietenk\u00e4\u00e4n est\u00e4nyt meit\u00e4k\u00e4\u00e4n l\u00e4htem\u00e4st\u00e4 t\u00e4h\u00e4n vuoden kohokohtaan. Se mik\u00e4 saa l\u00e4htem\u00e4\u00e4n vuosi vuoden j\u00e4lkeen ei ole niink\u00e4\u00e4n hyvien tulosten toivo vaan yst\u00e4vien ja tuttavien n\u00e4keminen keh\u00e4n reunalla ja hienojen koirien tapaaminen. \u00a0Meilt\u00e4 kehiin oli &#8230; <a title=\"Helsinki 16.-17.12.2023\" class=\"read-more\" href=\"https:\/\/www.narraajan.fi\/index.php\/2023\/12\/23\/helsinki-16-17-12-20\/\" aria-label=\"Lue lis\u00e4\u00e4 aiheesta Helsinki 16.-17.12.2023\">Lue lis\u00e4\u00e4<\/a><\/p>\n","protected":false},"author":1,"featured_media":0,"comment_status":"closed","ping_status":"open","sticky":false,"template":"","format":"status","meta":{"footnotes":""},"categories":[16],"tags":[],"class_list":["post-2489","post","type-post","status-publish","format-status","hentry","category-kuulumisia","post_format-post-format-status"],"yoast_head":"<!-- This site is optimized with the Yoast SEO plugin v27.3 - https:\/\/yoast.com\/product\/yoast-seo-wordpress\/ -->\n<title>Helsinki 16.-17.12.2023 - Narraajan<\/title>\n<meta name=\"robots\" content=\"index, follow, max-snippet:-1, max-image-preview:large, max-video-preview:-1\" \/>\n<link rel=\"canonical\" href=\"https:\/\/www.narraajan.fi\/index.php\/2023\/12\/23\/helsinki-16-17-12-20\/\" \/>\n<meta property=\"og:locale\" content=\"fi_FI\" \/>\n<meta property=\"og:type\" content=\"article\" \/>\n<meta property=\"og:title\" content=\"Helsinki 16.-17.12.2023 - Narraajan\" \/>\n<meta property=\"og:description\" content=\"N\u00e4yttelyvuosi huipentuu t\u00e4\u00e4ll\u00e4 Suomessa aina perinteisiin Helsingin Messukeskuksen n\u00e4yttelyihin joulukuussa. T\u00e4n\u00e4 vuonna n\u00e4yttelyt j\u00e4rjestettiin vain viikkoa ennen jouluaattoa, mutta eih\u00e4n se tietenk\u00e4\u00e4n est\u00e4nyt meit\u00e4k\u00e4\u00e4n l\u00e4htem\u00e4st\u00e4 t\u00e4h\u00e4n vuoden kohokohtaan. Se mik\u00e4 saa l\u00e4htem\u00e4\u00e4n vuosi vuoden j\u00e4lkeen ei ole niink\u00e4\u00e4n hyvien tulosten toivo vaan yst\u00e4vien ja tuttavien n\u00e4keminen keh\u00e4n reunalla ja hienojen koirien tapaaminen. \u00a0Meilt\u00e4 kehiin oli ... Lue lis\u00e4\u00e4\" \/>\n<meta property=\"og:url\" content=\"https:\/\/www.narraajan.fi\/index.php\/2023\/12\/23\/helsinki-16-17-12-20\/\" \/>\n<meta property=\"og:site_name\" content=\"Narraajan\" \/>\n<meta property=\"article:publisher\" content=\"https:\/\/www.facebook.com\/Narraajan\" \/>\n<meta property=\"article:author\" content=\"https:\/\/www.facebook.com\/Narraajan\" \/>\n<meta property=\"article:published_time\" content=\"2023-12-23T19:14:26+00:00\" \/>\n<meta property=\"article:modified_time\" content=\"2023-12-26T14:51:40+00:00\" \/>\n<meta property=\"og:image\" content=\"https:\/\/www.narraajan.fi\/wp-content\/uploads\/elementor\/thumbs\/harmi-qh8wchyrfis0c5j04ky0ihg1zwja0wviv6rdgly5xw.jpg\" \/>\n<meta name=\"author\" content=\"Petra\" \/>\n<meta name=\"twitter:card\" content=\"summary_large_image\" \/>\n<meta name=\"twitter:label1\" content=\"Kirjoittanut\" \/>\n\t<meta name=\"twitter:data1\" content=\"Petra\" \/>\n\t<meta name=\"twitter:label2\" content=\"Arvioitu lukuaika\" \/>\n\t<meta name=\"twitter:data2\" content=\"4 minuuttia\" \/>\n<script type=\"application\/ld+json\" class=\"yoast-schema-graph\">{\"@context\":\"https:\\\/\\\/schema.org\",\"@graph\":[{\"@type\":\"Article\",\"@id\":\"https:\\\/\\\/www.narraajan.fi\\\/index.php\\\/2023\\\/12\\\/23\\\/helsinki-16-17-12-20\\\/#article\",\"isPartOf\":{\"@id\":\"https:\\\/\\\/www.narraajan.fi\\\/index.php\\\/2023\\\/12\\\/23\\\/helsinki-16-17-12-20\\\/\"},\"author\":{\"name\":\"Petra\",\"@id\":\"https:\\\/\\\/www.narraajan.fi\\\/#\\\/schema\\\/person\\\/ebaa60c43ca934da6f0abe1eb700f5da\"},\"headline\":\"Helsinki 16.-17.12.2023\",\"datePublished\":\"2023-12-23T19:14:26+00:00\",\"dateModified\":\"2023-12-26T14:51:40+00:00\",\"mainEntityOfPage\":{\"@id\":\"https:\\\/\\\/www.narraajan.fi\\\/index.php\\\/2023\\\/12\\\/23\\\/helsinki-16-17-12-20\\\/\"},\"wordCount\":533,\"image\":{\"@id\":\"https:\\\/\\\/www.narraajan.fi\\\/index.php\\\/2023\\\/12\\\/23\\\/helsinki-16-17-12-20\\\/#primaryimage\"},\"thumbnailUrl\":\"https:\\\/\\\/www.narraajan.fi\\\/wp-content\\\/uploads\\\/elementor\\\/thumbs\\\/harmi-qh8wchyrfis0c5j04ky0ihg1zwja0wviv6rdgly5xw.jpg\",\"articleSection\":[\"Kuulumisia\"],\"inLanguage\":\"fi\"},{\"@type\":\"WebPage\",\"@id\":\"https:\\\/\\\/www.narraajan.fi\\\/index.php\\\/2023\\\/12\\\/23\\\/helsinki-16-17-12-20\\\/\",\"url\":\"https:\\\/\\\/www.narraajan.fi\\\/index.php\\\/2023\\\/12\\\/23\\\/helsinki-16-17-12-20\\\/\",\"name\":\"Helsinki 16.-17.12.2023 - Narraajan\",\"isPartOf\":{\"@id\":\"https:\\\/\\\/www.narraajan.fi\\\/#website\"},\"primaryImageOfPage\":{\"@id\":\"https:\\\/\\\/www.narraajan.fi\\\/index.php\\\/2023\\\/12\\\/23\\\/helsinki-16-17-12-20\\\/#primaryimage\"},\"image\":{\"@id\":\"https:\\\/\\\/www.narraajan.fi\\\/index.php\\\/2023\\\/12\\\/23\\\/helsinki-16-17-12-20\\\/#primaryimage\"},\"thumbnailUrl\":\"https:\\\/\\\/www.narraajan.fi\\\/wp-content\\\/uploads\\\/elementor\\\/thumbs\\\/harmi-qh8wchyrfis0c5j04ky0ihg1zwja0wviv6rdgly5xw.jpg\",\"datePublished\":\"2023-12-23T19:14:26+00:00\",\"dateModified\":\"2023-12-26T14:51:40+00:00\",\"author\":{\"@id\":\"https:\\\/\\\/www.narraajan.fi\\\/#\\\/schema\\\/person\\\/ebaa60c43ca934da6f0abe1eb700f5da\"},\"breadcrumb\":{\"@id\":\"https:\\\/\\\/www.narraajan.fi\\\/index.php\\\/2023\\\/12\\\/23\\\/helsinki-16-17-12-20\\\/#breadcrumb\"},\"inLanguage\":\"fi\",\"potentialAction\":[{\"@type\":\"ReadAction\",\"target\":[\"https:\\\/\\\/www.narraajan.fi\\\/index.php\\\/2023\\\/12\\\/23\\\/helsinki-16-17-12-20\\\/\"]}]},{\"@type\":\"ImageObject\",\"inLanguage\":\"fi\",\"@id\":\"https:\\\/\\\/www.narraajan.fi\\\/index.php\\\/2023\\\/12\\\/23\\\/helsinki-16-17-12-20\\\/#primaryimage\",\"url\":\"https:\\\/\\\/www.narraajan.fi\\\/wp-content\\\/uploads\\\/elementor\\\/thumbs\\\/harmi-qh8wchyrfis0c5j04ky0ihg1zwja0wviv6rdgly5xw.jpg\",\"contentUrl\":\"https:\\\/\\\/www.narraajan.fi\\\/wp-content\\\/uploads\\\/elementor\\\/thumbs\\\/harmi-qh8wchyrfis0c5j04ky0ihg1zwja0wviv6rdgly5xw.jpg\"},{\"@type\":\"BreadcrumbList\",\"@id\":\"https:\\\/\\\/www.narraajan.fi\\\/index.php\\\/2023\\\/12\\\/23\\\/helsinki-16-17-12-20\\\/#breadcrumb\",\"itemListElement\":[{\"@type\":\"ListItem\",\"position\":1,\"name\":\"Etusivu\",\"item\":\"https:\\\/\\\/www.narraajan.fi\\\/\"},{\"@type\":\"ListItem\",\"position\":2,\"name\":\"Helsinki 16.-17.12.2023\"}]},{\"@type\":\"WebSite\",\"@id\":\"https:\\\/\\\/www.narraajan.fi\\\/#website\",\"url\":\"https:\\\/\\\/www.narraajan.fi\\\/\",\"name\":\"Narraajan\",\"description\":\"\",\"potentialAction\":[{\"@type\":\"SearchAction\",\"target\":{\"@type\":\"EntryPoint\",\"urlTemplate\":\"https:\\\/\\\/www.narraajan.fi\\\/?s={search_term_string}\"},\"query-input\":{\"@type\":\"PropertyValueSpecification\",\"valueRequired\":true,\"valueName\":\"search_term_string\"}}],\"inLanguage\":\"fi\"},{\"@type\":\"Person\",\"@id\":\"https:\\\/\\\/www.narraajan.fi\\\/#\\\/schema\\\/person\\\/ebaa60c43ca934da6f0abe1eb700f5da\",\"name\":\"Petra\",\"image\":{\"@type\":\"ImageObject\",\"inLanguage\":\"fi\",\"@id\":\"https:\\\/\\\/secure.gravatar.com\\\/avatar\\\/9920f765c55ee9e3045c66b0785aaf5e40ce6cbd248c914947b4d8747a3e3fa5?s=96&d=mm&r=g\",\"url\":\"https:\\\/\\\/secure.gravatar.com\\\/avatar\\\/9920f765c55ee9e3045c66b0785aaf5e40ce6cbd248c914947b4d8747a3e3fa5?s=96&d=mm&r=g\",\"contentUrl\":\"https:\\\/\\\/secure.gravatar.com\\\/avatar\\\/9920f765c55ee9e3045c66b0785aaf5e40ce6cbd248c914947b4d8747a3e3fa5?s=96&d=mm&r=g\",\"caption\":\"Petra\"},\"sameAs\":[\"http:\\\/\\\/www.narraajan.fi\",\"https:\\\/\\\/www.facebook.com\\\/Narraajan\"],\"url\":\"https:\\\/\\\/www.narraajan.fi\\\/index.php\\\/author\\\/admin\\\/\"}]}<\/script>\n<!-- \/ Yoast SEO plugin. -->","yoast_head_json":{"title":"Helsinki 16.-17.12.2023 - Narraajan","robots":{"index":"index","follow":"follow","max-snippet":"max-snippet:-1","max-image-preview":"max-image-preview:large","max-video-preview":"max-video-preview:-1"},"canonical":"https:\/\/www.narraajan.fi\/index.php\/2023\/12\/23\/helsinki-16-17-12-20\/","og_locale":"fi_FI","og_type":"article","og_title":"Helsinki 16.-17.12.2023 - Narraajan","og_description":"N\u00e4yttelyvuosi huipentuu t\u00e4\u00e4ll\u00e4 Suomessa aina perinteisiin Helsingin Messukeskuksen n\u00e4yttelyihin joulukuussa. T\u00e4n\u00e4 vuonna n\u00e4yttelyt j\u00e4rjestettiin vain viikkoa ennen jouluaattoa, mutta eih\u00e4n se tietenk\u00e4\u00e4n est\u00e4nyt meit\u00e4k\u00e4\u00e4n l\u00e4htem\u00e4st\u00e4 t\u00e4h\u00e4n vuoden kohokohtaan. Se mik\u00e4 saa l\u00e4htem\u00e4\u00e4n vuosi vuoden j\u00e4lkeen ei ole niink\u00e4\u00e4n hyvien tulosten toivo vaan yst\u00e4vien ja tuttavien n\u00e4keminen keh\u00e4n reunalla ja hienojen koirien tapaaminen. \u00a0Meilt\u00e4 kehiin oli ... Lue lis\u00e4\u00e4","og_url":"https:\/\/www.narraajan.fi\/index.php\/2023\/12\/23\/helsinki-16-17-12-20\/","og_site_name":"Narraajan","article_publisher":"https:\/\/www.facebook.com\/Narraajan","article_author":"https:\/\/www.facebook.com\/Narraajan","article_published_time":"2023-12-23T19:14:26+00:00","article_modified_time":"2023-12-26T14:51:40+00:00","og_image":[{"url":"https:\/\/www.narraajan.fi\/wp-content\/uploads\/elementor\/thumbs\/harmi-qh8wchyrfis0c5j04ky0ihg1zwja0wviv6rdgly5xw.jpg","type":"","width":"","height":""}],"author":"Petra","twitter_card":"summary_large_image","twitter_misc":{"Kirjoittanut":"Petra","Arvioitu lukuaika":"4 minuuttia"},"schema":{"@context":"https:\/\/schema.org","@graph":[{"@type":"Article","@id":"https:\/\/www.narraajan.fi\/index.php\/2023\/12\/23\/helsinki-16-17-12-20\/#article","isPartOf":{"@id":"https:\/\/www.narraajan.fi\/index.php\/2023\/12\/23\/helsinki-16-17-12-20\/"},"author":{"name":"Petra","@id":"https:\/\/www.narraajan.fi\/#\/schema\/person\/ebaa60c43ca934da6f0abe1eb700f5da"},"headline":"Helsinki 16.-17.12.2023","datePublished":"2023-12-23T19:14:26+00:00","dateModified":"2023-12-26T14:51:40+00:00","mainEntityOfPage":{"@id":"https:\/\/www.narraajan.fi\/index.php\/2023\/12\/23\/helsinki-16-17-12-20\/"},"wordCount":533,"image":{"@id":"https:\/\/www.narraajan.fi\/index.php\/2023\/12\/23\/helsinki-16-17-12-20\/#primaryimage"},"thumbnailUrl":"https:\/\/www.narraajan.fi\/wp-content\/uploads\/elementor\/thumbs\/harmi-qh8wchyrfis0c5j04ky0ihg1zwja0wviv6rdgly5xw.jpg","articleSection":["Kuulumisia"],"inLanguage":"fi"},{"@type":"WebPage","@id":"https:\/\/www.narraajan.fi\/index.php\/2023\/12\/23\/helsinki-16-17-12-20\/","url":"https:\/\/www.narraajan.fi\/index.php\/2023\/12\/23\/helsinki-16-17-12-20\/","name":"Helsinki 16.-17.12.2023 - Narraajan","isPartOf":{"@id":"https:\/\/www.narraajan.fi\/#website"},"primaryImageOfPage":{"@id":"https:\/\/www.narraajan.fi\/index.php\/2023\/12\/23\/helsinki-16-17-12-20\/#primaryimage"},"image":{"@id":"https:\/\/www.narraajan.fi\/index.php\/2023\/12\/23\/helsinki-16-17-12-20\/#primaryimage"},"thumbnailUrl":"https:\/\/www.narraajan.fi\/wp-content\/uploads\/elementor\/thumbs\/harmi-qh8wchyrfis0c5j04ky0ihg1zwja0wviv6rdgly5xw.jpg","datePublished":"2023-12-23T19:14:26+00:00","dateModified":"2023-12-26T14:51:40+00:00","author":{"@id":"https:\/\/www.narraajan.fi\/#\/schema\/person\/ebaa60c43ca934da6f0abe1eb700f5da"},"breadcrumb":{"@id":"https:\/\/www.narraajan.fi\/index.php\/2023\/12\/23\/helsinki-16-17-12-20\/#breadcrumb"},"inLanguage":"fi","potentialAction":[{"@type":"ReadAction","target":["https:\/\/www.narraajan.fi\/index.php\/2023\/12\/23\/helsinki-16-17-12-20\/"]}]},{"@type":"ImageObject","inLanguage":"fi","@id":"https:\/\/www.narraajan.fi\/index.php\/2023\/12\/23\/helsinki-16-17-12-20\/#primaryimage","url":"https:\/\/www.narraajan.fi\/wp-content\/uploads\/elementor\/thumbs\/harmi-qh8wchyrfis0c5j04ky0ihg1zwja0wviv6rdgly5xw.jpg","contentUrl":"https:\/\/www.narraajan.fi\/wp-content\/uploads\/elementor\/thumbs\/harmi-qh8wchyrfis0c5j04ky0ihg1zwja0wviv6rdgly5xw.jpg"},{"@type":"BreadcrumbList","@id":"https:\/\/www.narraajan.fi\/index.php\/2023\/12\/23\/helsinki-16-17-12-20\/#breadcrumb","itemListElement":[{"@type":"ListItem","position":1,"name":"Etusivu","item":"https:\/\/www.narraajan.fi\/"},{"@type":"ListItem","position":2,"name":"Helsinki 16.-17.12.2023"}]},{"@type":"WebSite","@id":"https:\/\/www.narraajan.fi\/#website","url":"https:\/\/www.narraajan.fi\/","name":"Narraajan","description":"","potentialAction":[{"@type":"SearchAction","target":{"@type":"EntryPoint","urlTemplate":"https:\/\/www.narraajan.fi\/?s={search_term_string}"},"query-input":{"@type":"PropertyValueSpecification","valueRequired":true,"valueName":"search_term_string"}}],"inLanguage":"fi"},{"@type":"Person","@id":"https:\/\/www.narraajan.fi\/#\/schema\/person\/ebaa60c43ca934da6f0abe1eb700f5da","name":"Petra","image":{"@type":"ImageObject","inLanguage":"fi","@id":"https:\/\/secure.gravatar.com\/avatar\/9920f765c55ee9e3045c66b0785aaf5e40ce6cbd248c914947b4d8747a3e3fa5?s=96&d=mm&r=g","url":"https:\/\/secure.gravatar.com\/avatar\/9920f765c55ee9e3045c66b0785aaf5e40ce6cbd248c914947b4d8747a3e3fa5?s=96&d=mm&r=g","contentUrl":"https:\/\/secure.gravatar.com\/avatar\/9920f765c55ee9e3045c66b0785aaf5e40ce6cbd248c914947b4d8747a3e3fa5?s=96&d=mm&r=g","caption":"Petra"},"sameAs":["http:\/\/www.narraajan.fi","https:\/\/www.facebook.com\/Narraajan"],"url":"https:\/\/www.narraajan.fi\/index.php\/author\/admin\/"}]}},"_links":{"self":[{"href":"https:\/\/www.narraajan.fi\/index.php\/wp-json\/wp\/v2\/posts\/2489","targetHints":{"allow":["GET"]}}],"collection":[{"href":"https:\/\/www.narraajan.fi\/index.php\/wp-json\/wp\/v2\/posts"}],"about":[{"href":"https:\/\/www.narraajan.fi\/index.php\/wp-json\/wp\/v2\/types\/post"}],"author":[{"embeddable":true,"href":"https:\/\/www.narraajan.fi\/index.php\/wp-json\/wp\/v2\/users\/1"}],"replies":[{"embeddable":true,"href":"https:\/\/www.narraajan.fi\/index.php\/wp-json\/wp\/v2\/comments?post=2489"}],"version-history":[{"count":17,"href":"https:\/\/www.narraajan.fi\/index.php\/wp-json\/wp\/v2\/posts\/2489\/revisions"}],"predecessor-version":[{"id":2541,"href":"https:\/\/www.narraajan.fi\/index.php\/wp-json\/wp\/v2\/posts\/2489\/revisions\/2541"}],"wp:attachment":[{"href":"https:\/\/www.narraajan.fi\/index.php\/wp-json\/wp\/v2\/media?parent=2489"}],"wp:term":[{"taxonomy":"category","embeddable":true,"href":"https:\/\/www.narraajan.fi\/index.php\/wp-json\/wp\/v2\/categories?post=2489"},{"taxonomy":"post_tag","embeddable":true,"href":"https:\/\/www.narraajan.fi\/index.php\/wp-json\/wp\/v2\/tags?post=2489"}],"curies":[{"name":"wp","href":"https:\/\/api.w.org\/{rel}","templated":true}]}}