{"id":2622,"date":"2024-02-04T13:14:26","date_gmt":"2024-02-04T13:14:26","guid":{"rendered":"https:\/\/www.narraajan.fi\/?p=2622"},"modified":"2024-02-04T13:29:50","modified_gmt":"2024-02-04T13:29:50","slug":"harmille-falzetin-malja","status":"publish","type":"post","link":"https:\/\/www.narraajan.fi\/index.php\/2024\/02\/04\/harmille-falzetin-malja\/","title":{"rendered":"Harmille Falzetin Malja"},"content":{"rendered":"\t\t<div data-elementor-type=\"wp-post\" data-elementor-id=\"2622\" class=\"elementor elementor-2622\">\n\t\t\t\t\t\t<section class=\"elementor-section elementor-top-section elementor-element elementor-element-1e076e2 elementor-section-boxed elementor-section-height-default elementor-section-height-default\" data-id=\"1e076e2\" data-element_type=\"section\" data-e-type=\"section\">\n\t\t\t\t\t\t<div class=\"elementor-container elementor-column-gap-default\">\n\t\t\t\t\t<div class=\"elementor-column elementor-col-100 elementor-top-column elementor-element elementor-element-cebfd5a\" data-id=\"cebfd5a\" data-element_type=\"column\" data-e-type=\"column\">\n\t\t\t<div class=\"elementor-widget-wrap elementor-element-populated\">\n\t\t\t\t\t\t<div class=\"elementor-element elementor-element-5bcb7cd elementor-widget elementor-widget-image\" data-id=\"5bcb7cd\" data-element_type=\"widget\" data-e-type=\"widget\" data-widget_type=\"image.default\">\n\t\t\t\t<div class=\"elementor-widget-container\">\n\t\t\t\t\t\t\t\t\t\t\t\t\t\t\t<img fetchpriority=\"high\" decoding=\"async\" width=\"1024\" height=\"683\" src=\"https:\/\/www.narraajan.fi\/wp-content\/uploads\/2024\/02\/Narraajan-Pohjolan-Harlekiini_pieni-1024x683.png\" class=\"attachment-large size-large wp-image-2627\" alt=\"\" srcset=\"https:\/\/www.narraajan.fi\/wp-content\/uploads\/2024\/02\/Narraajan-Pohjolan-Harlekiini_pieni-1024x683.png 1024w, https:\/\/www.narraajan.fi\/wp-content\/uploads\/2024\/02\/Narraajan-Pohjolan-Harlekiini_pieni-300x200.png 300w, https:\/\/www.narraajan.fi\/wp-content\/uploads\/2024\/02\/Narraajan-Pohjolan-Harlekiini_pieni-768x512.png 768w, https:\/\/www.narraajan.fi\/wp-content\/uploads\/2024\/02\/Narraajan-Pohjolan-Harlekiini_pieni-1536x1025.png 1536w, https:\/\/www.narraajan.fi\/wp-content\/uploads\/2024\/02\/Narraajan-Pohjolan-Harlekiini_pieni.png 2048w\" sizes=\"(max-width: 1024px) 100vw, 1024px\" \/>\t\t\t\t\t\t\t\t\t\t\t\t\t\t\t<\/div>\n\t\t\t\t<\/div>\n\t\t\t\t\t<\/div>\n\t\t<\/div>\n\t\t\t\t\t<\/div>\n\t\t<\/section>\n\t\t\t\t<section class=\"elementor-section elementor-top-section elementor-element elementor-element-ecd078a elementor-section-boxed elementor-section-height-default elementor-section-height-default\" data-id=\"ecd078a\" data-element_type=\"section\" data-e-type=\"section\">\n\t\t\t\t\t\t<div class=\"elementor-container elementor-column-gap-default\">\n\t\t\t\t\t<div class=\"elementor-column elementor-col-100 elementor-top-column elementor-element elementor-element-e735d98\" data-id=\"e735d98\" data-element_type=\"column\" data-e-type=\"column\">\n\t\t\t<div class=\"elementor-widget-wrap elementor-element-populated\">\n\t\t\t\t\t\t<div class=\"elementor-element elementor-element-8d4a095 elementor-widget elementor-widget-text-editor\" data-id=\"8d4a095\" data-element_type=\"widget\" data-e-type=\"widget\" data-widget_type=\"text-editor.default\">\n\t\t\t\t<div class=\"elementor-widget-container\">\n\t\t\t\t\t\t\t\t\t<p>Hieman j\u00e4lkitoimituksella haimme vuodeksi kotiin Harmin Messukeskuksen vuoden Voittaja-n\u00e4yttelyss\u00e4 voittaman kiertopalkinnon. T\u00e4m\u00e4 kiertopalkinto jaetaan Voittaja-n\u00e4yttelyn parhaalle Suomessa kasvatetulle p&amp;s nartulle. Koska narttujen voittaja oli Ven\u00e4j\u00e4n tuonti, t\u00e4m\u00e4 palkinto tuli t\u00e4ss\u00e4 tapauksessa toiseksi tulleelle Harmille.&nbsp;<\/p>\n<p>Falzetin Malja-kiertopalkinto on perustettu vuonna 2007. Sen on lahjoittanut useamman vuoden voittaja-nartun Mihan Falzetin kasvattajat Saimi &amp; Ahti Nieminen sek\u00e4 omistaja Leena Aalto. Sen on ehtinyt ennen Harmia saada monet monet hienot nartut, mm. Harmin iso\u00e4idit Mihan Iisoppi ja Bonzen Cecilia sek\u00e4 superiso\u00e4iti Mihan Hyazintti kahteenkin kertaan. Harmi on ylpe\u00e4 saadessaan lis\u00e4t\u00e4 nimens\u00e4 n\u00e4iden hienojen narttujen jatkoksi.&nbsp;<br><br>T\u00e4m\u00e4 on tietysti my\u00f6s meille suuri ilon aihe. Harmi ei ole meille pelk\u00e4st\u00e4\u00e4n Suomessa kasvatettu omistuksessamme oleva koira, vaan se on syntynyt t\u00e4\u00e4ll\u00e4 meill\u00e4 kotona, omana kasvattinamme.&nbsp;<\/p>\t\t\t\t\t\t\t\t<\/div>\n\t\t\t\t<\/div>\n\t\t\t\t\t<\/div>\n\t\t<\/div>\n\t\t\t\t\t<\/div>\n\t\t<\/section>\n\t\t\t\t<\/div>\n\t\t","protected":false},"excerpt":{"rendered":"<p>Hieman j\u00e4lkitoimituksella haimme vuodeksi kotiin Harmin Messukeskuksen vuoden Voittaja-n\u00e4yttelyss\u00e4 voittaman kiertopalkinnon. T\u00e4m\u00e4 kiertopalkinto jaetaan Voittaja-n\u00e4yttelyn parhaalle Suomessa kasvatetulle p&amp;s nartulle. Koska narttujen voittaja oli Ven\u00e4j\u00e4n tuonti, t\u00e4m\u00e4 palkinto tuli t\u00e4ss\u00e4 tapauksessa toiseksi tulleelle Harmille.&nbsp; Falzetin Malja-kiertopalkinto on perustettu vuonna 2007. Sen on lahjoittanut useamman vuoden voittaja-nartun Mihan Falzetin kasvattajat Saimi &amp; Ahti Nieminen sek\u00e4 omistaja &#8230; <a title=\"Harmille Falzetin Malja\" class=\"read-more\" href=\"https:\/\/www.narraajan.fi\/index.php\/2024\/02\/04\/harmille-falzetin-malja\/\" aria-label=\"Lue lis\u00e4\u00e4 aiheesta Harmille Falzetin Malja\">Lue lis\u00e4\u00e4<\/a><\/p>\n","protected":false},"author":1,"featured_media":0,"comment_status":"closed","ping_status":"open","sticky":false,"template":"","format":"status","meta":{"footnotes":""},"categories":[16],"tags":[],"class_list":["post-2622","post","type-post","status-publish","format-status","hentry","category-kuulumisia","post_format-post-format-status"],"yoast_head":"<!-- This site is optimized with the Yoast SEO plugin v27.3 - https:\/\/yoast.com\/product\/yoast-seo-wordpress\/ -->\n<title>Harmille Falzetin Malja - Narraajan<\/title>\n<meta name=\"robots\" content=\"index, follow, max-snippet:-1, max-image-preview:large, max-video-preview:-1\" \/>\n<link rel=\"canonical\" href=\"https:\/\/www.narraajan.fi\/index.php\/2024\/02\/04\/harmille-falzetin-malja\/\" \/>\n<meta property=\"og:locale\" content=\"fi_FI\" \/>\n<meta property=\"og:type\" content=\"article\" \/>\n<meta property=\"og:title\" content=\"Harmille Falzetin Malja - Narraajan\" \/>\n<meta property=\"og:description\" content=\"Hieman j\u00e4lkitoimituksella haimme vuodeksi kotiin Harmin Messukeskuksen vuoden Voittaja-n\u00e4yttelyss\u00e4 voittaman kiertopalkinnon. T\u00e4m\u00e4 kiertopalkinto jaetaan Voittaja-n\u00e4yttelyn parhaalle Suomessa kasvatetulle p&amp;s nartulle. Koska narttujen voittaja oli Ven\u00e4j\u00e4n tuonti, t\u00e4m\u00e4 palkinto tuli t\u00e4ss\u00e4 tapauksessa toiseksi tulleelle Harmille.&nbsp; Falzetin Malja-kiertopalkinto on perustettu vuonna 2007. Sen on lahjoittanut useamman vuoden voittaja-nartun Mihan Falzetin kasvattajat Saimi &amp; Ahti Nieminen sek\u00e4 omistaja ... Lue lis\u00e4\u00e4\" \/>\n<meta property=\"og:url\" content=\"https:\/\/www.narraajan.fi\/index.php\/2024\/02\/04\/harmille-falzetin-malja\/\" \/>\n<meta property=\"og:site_name\" content=\"Narraajan\" \/>\n<meta property=\"article:publisher\" content=\"https:\/\/www.facebook.com\/Narraajan\" \/>\n<meta property=\"article:author\" content=\"https:\/\/www.facebook.com\/Narraajan\" \/>\n<meta property=\"article:published_time\" content=\"2024-02-04T13:14:26+00:00\" \/>\n<meta property=\"article:modified_time\" content=\"2024-02-04T13:29:50+00:00\" \/>\n<meta property=\"og:image\" content=\"https:\/\/www.narraajan.fi\/wp-content\/uploads\/2024\/02\/Narraajan-Pohjolan-Harlekiini_pieni-1024x683.png\" \/>\n<meta name=\"author\" content=\"Petra\" \/>\n<meta name=\"twitter:card\" content=\"summary_large_image\" \/>\n<meta name=\"twitter:label1\" content=\"Kirjoittanut\" \/>\n\t<meta name=\"twitter:data1\" content=\"Petra\" \/>\n\t<meta name=\"twitter:label2\" content=\"Arvioitu lukuaika\" \/>\n\t<meta name=\"twitter:data2\" content=\"1 minuutti\" \/>\n<script type=\"application\/ld+json\" class=\"yoast-schema-graph\">{\"@context\":\"https:\\\/\\\/schema.org\",\"@graph\":[{\"@type\":\"Article\",\"@id\":\"https:\\\/\\\/www.narraajan.fi\\\/index.php\\\/2024\\\/02\\\/04\\\/harmille-falzetin-malja\\\/#article\",\"isPartOf\":{\"@id\":\"https:\\\/\\\/www.narraajan.fi\\\/index.php\\\/2024\\\/02\\\/04\\\/harmille-falzetin-malja\\\/\"},\"author\":{\"name\":\"Petra\",\"@id\":\"https:\\\/\\\/www.narraajan.fi\\\/#\\\/schema\\\/person\\\/ebaa60c43ca934da6f0abe1eb700f5da\"},\"headline\":\"Harmille Falzetin Malja\",\"datePublished\":\"2024-02-04T13:14:26+00:00\",\"dateModified\":\"2024-02-04T13:29:50+00:00\",\"mainEntityOfPage\":{\"@id\":\"https:\\\/\\\/www.narraajan.fi\\\/index.php\\\/2024\\\/02\\\/04\\\/harmille-falzetin-malja\\\/\"},\"wordCount\":142,\"image\":{\"@id\":\"https:\\\/\\\/www.narraajan.fi\\\/index.php\\\/2024\\\/02\\\/04\\\/harmille-falzetin-malja\\\/#primaryimage\"},\"thumbnailUrl\":\"https:\\\/\\\/www.narraajan.fi\\\/wp-content\\\/uploads\\\/2024\\\/02\\\/Narraajan-Pohjolan-Harlekiini_pieni-1024x683.png\",\"articleSection\":[\"Kuulumisia\"],\"inLanguage\":\"fi\"},{\"@type\":\"WebPage\",\"@id\":\"https:\\\/\\\/www.narraajan.fi\\\/index.php\\\/2024\\\/02\\\/04\\\/harmille-falzetin-malja\\\/\",\"url\":\"https:\\\/\\\/www.narraajan.fi\\\/index.php\\\/2024\\\/02\\\/04\\\/harmille-falzetin-malja\\\/\",\"name\":\"Harmille Falzetin Malja - Narraajan\",\"isPartOf\":{\"@id\":\"https:\\\/\\\/www.narraajan.fi\\\/#website\"},\"primaryImageOfPage\":{\"@id\":\"https:\\\/\\\/www.narraajan.fi\\\/index.php\\\/2024\\\/02\\\/04\\\/harmille-falzetin-malja\\\/#primaryimage\"},\"image\":{\"@id\":\"https:\\\/\\\/www.narraajan.fi\\\/index.php\\\/2024\\\/02\\\/04\\\/harmille-falzetin-malja\\\/#primaryimage\"},\"thumbnailUrl\":\"https:\\\/\\\/www.narraajan.fi\\\/wp-content\\\/uploads\\\/2024\\\/02\\\/Narraajan-Pohjolan-Harlekiini_pieni-1024x683.png\",\"datePublished\":\"2024-02-04T13:14:26+00:00\",\"dateModified\":\"2024-02-04T13:29:50+00:00\",\"author\":{\"@id\":\"https:\\\/\\\/www.narraajan.fi\\\/#\\\/schema\\\/person\\\/ebaa60c43ca934da6f0abe1eb700f5da\"},\"breadcrumb\":{\"@id\":\"https:\\\/\\\/www.narraajan.fi\\\/index.php\\\/2024\\\/02\\\/04\\\/harmille-falzetin-malja\\\/#breadcrumb\"},\"inLanguage\":\"fi\",\"potentialAction\":[{\"@type\":\"ReadAction\",\"target\":[\"https:\\\/\\\/www.narraajan.fi\\\/index.php\\\/2024\\\/02\\\/04\\\/harmille-falzetin-malja\\\/\"]}]},{\"@type\":\"ImageObject\",\"inLanguage\":\"fi\",\"@id\":\"https:\\\/\\\/www.narraajan.fi\\\/index.php\\\/2024\\\/02\\\/04\\\/harmille-falzetin-malja\\\/#primaryimage\",\"url\":\"https:\\\/\\\/www.narraajan.fi\\\/wp-content\\\/uploads\\\/2024\\\/02\\\/Narraajan-Pohjolan-Harlekiini_pieni.png\",\"contentUrl\":\"https:\\\/\\\/www.narraajan.fi\\\/wp-content\\\/uploads\\\/2024\\\/02\\\/Narraajan-Pohjolan-Harlekiini_pieni.png\",\"width\":2048,\"height\":1366},{\"@type\":\"BreadcrumbList\",\"@id\":\"https:\\\/\\\/www.narraajan.fi\\\/index.php\\\/2024\\\/02\\\/04\\\/harmille-falzetin-malja\\\/#breadcrumb\",\"itemListElement\":[{\"@type\":\"ListItem\",\"position\":1,\"name\":\"Etusivu\",\"item\":\"https:\\\/\\\/www.narraajan.fi\\\/\"},{\"@type\":\"ListItem\",\"position\":2,\"name\":\"Harmille Falzetin Malja\"}]},{\"@type\":\"WebSite\",\"@id\":\"https:\\\/\\\/www.narraajan.fi\\\/#website\",\"url\":\"https:\\\/\\\/www.narraajan.fi\\\/\",\"name\":\"Narraajan\",\"description\":\"\",\"potentialAction\":[{\"@type\":\"SearchAction\",\"target\":{\"@type\":\"EntryPoint\",\"urlTemplate\":\"https:\\\/\\\/www.narraajan.fi\\\/?s={search_term_string}\"},\"query-input\":{\"@type\":\"PropertyValueSpecification\",\"valueRequired\":true,\"valueName\":\"search_term_string\"}}],\"inLanguage\":\"fi\"},{\"@type\":\"Person\",\"@id\":\"https:\\\/\\\/www.narraajan.fi\\\/#\\\/schema\\\/person\\\/ebaa60c43ca934da6f0abe1eb700f5da\",\"name\":\"Petra\",\"image\":{\"@type\":\"ImageObject\",\"inLanguage\":\"fi\",\"@id\":\"https:\\\/\\\/secure.gravatar.com\\\/avatar\\\/9920f765c55ee9e3045c66b0785aaf5e40ce6cbd248c914947b4d8747a3e3fa5?s=96&d=mm&r=g\",\"url\":\"https:\\\/\\\/secure.gravatar.com\\\/avatar\\\/9920f765c55ee9e3045c66b0785aaf5e40ce6cbd248c914947b4d8747a3e3fa5?s=96&d=mm&r=g\",\"contentUrl\":\"https:\\\/\\\/secure.gravatar.com\\\/avatar\\\/9920f765c55ee9e3045c66b0785aaf5e40ce6cbd248c914947b4d8747a3e3fa5?s=96&d=mm&r=g\",\"caption\":\"Petra\"},\"sameAs\":[\"http:\\\/\\\/www.narraajan.fi\",\"https:\\\/\\\/www.facebook.com\\\/Narraajan\"],\"url\":\"https:\\\/\\\/www.narraajan.fi\\\/index.php\\\/author\\\/admin\\\/\"}]}<\/script>\n<!-- \/ Yoast SEO plugin. -->","yoast_head_json":{"title":"Harmille Falzetin Malja - Narraajan","robots":{"index":"index","follow":"follow","max-snippet":"max-snippet:-1","max-image-preview":"max-image-preview:large","max-video-preview":"max-video-preview:-1"},"canonical":"https:\/\/www.narraajan.fi\/index.php\/2024\/02\/04\/harmille-falzetin-malja\/","og_locale":"fi_FI","og_type":"article","og_title":"Harmille Falzetin Malja - Narraajan","og_description":"Hieman j\u00e4lkitoimituksella haimme vuodeksi kotiin Harmin Messukeskuksen vuoden Voittaja-n\u00e4yttelyss\u00e4 voittaman kiertopalkinnon. T\u00e4m\u00e4 kiertopalkinto jaetaan Voittaja-n\u00e4yttelyn parhaalle Suomessa kasvatetulle p&amp;s nartulle. Koska narttujen voittaja oli Ven\u00e4j\u00e4n tuonti, t\u00e4m\u00e4 palkinto tuli t\u00e4ss\u00e4 tapauksessa toiseksi tulleelle Harmille.&nbsp; Falzetin Malja-kiertopalkinto on perustettu vuonna 2007. Sen on lahjoittanut useamman vuoden voittaja-nartun Mihan Falzetin kasvattajat Saimi &amp; Ahti Nieminen sek\u00e4 omistaja ... Lue lis\u00e4\u00e4","og_url":"https:\/\/www.narraajan.fi\/index.php\/2024\/02\/04\/harmille-falzetin-malja\/","og_site_name":"Narraajan","article_publisher":"https:\/\/www.facebook.com\/Narraajan","article_author":"https:\/\/www.facebook.com\/Narraajan","article_published_time":"2024-02-04T13:14:26+00:00","article_modified_time":"2024-02-04T13:29:50+00:00","og_image":[{"url":"https:\/\/www.narraajan.fi\/wp-content\/uploads\/2024\/02\/Narraajan-Pohjolan-Harlekiini_pieni-1024x683.png","type":"","width":"","height":""}],"author":"Petra","twitter_card":"summary_large_image","twitter_misc":{"Kirjoittanut":"Petra","Arvioitu lukuaika":"1 minuutti"},"schema":{"@context":"https:\/\/schema.org","@graph":[{"@type":"Article","@id":"https:\/\/www.narraajan.fi\/index.php\/2024\/02\/04\/harmille-falzetin-malja\/#article","isPartOf":{"@id":"https:\/\/www.narraajan.fi\/index.php\/2024\/02\/04\/harmille-falzetin-malja\/"},"author":{"name":"Petra","@id":"https:\/\/www.narraajan.fi\/#\/schema\/person\/ebaa60c43ca934da6f0abe1eb700f5da"},"headline":"Harmille Falzetin Malja","datePublished":"2024-02-04T13:14:26+00:00","dateModified":"2024-02-04T13:29:50+00:00","mainEntityOfPage":{"@id":"https:\/\/www.narraajan.fi\/index.php\/2024\/02\/04\/harmille-falzetin-malja\/"},"wordCount":142,"image":{"@id":"https:\/\/www.narraajan.fi\/index.php\/2024\/02\/04\/harmille-falzetin-malja\/#primaryimage"},"thumbnailUrl":"https:\/\/www.narraajan.fi\/wp-content\/uploads\/2024\/02\/Narraajan-Pohjolan-Harlekiini_pieni-1024x683.png","articleSection":["Kuulumisia"],"inLanguage":"fi"},{"@type":"WebPage","@id":"https:\/\/www.narraajan.fi\/index.php\/2024\/02\/04\/harmille-falzetin-malja\/","url":"https:\/\/www.narraajan.fi\/index.php\/2024\/02\/04\/harmille-falzetin-malja\/","name":"Harmille Falzetin Malja - Narraajan","isPartOf":{"@id":"https:\/\/www.narraajan.fi\/#website"},"primaryImageOfPage":{"@id":"https:\/\/www.narraajan.fi\/index.php\/2024\/02\/04\/harmille-falzetin-malja\/#primaryimage"},"image":{"@id":"https:\/\/www.narraajan.fi\/index.php\/2024\/02\/04\/harmille-falzetin-malja\/#primaryimage"},"thumbnailUrl":"https:\/\/www.narraajan.fi\/wp-content\/uploads\/2024\/02\/Narraajan-Pohjolan-Harlekiini_pieni-1024x683.png","datePublished":"2024-02-04T13:14:26+00:00","dateModified":"2024-02-04T13:29:50+00:00","author":{"@id":"https:\/\/www.narraajan.fi\/#\/schema\/person\/ebaa60c43ca934da6f0abe1eb700f5da"},"breadcrumb":{"@id":"https:\/\/www.narraajan.fi\/index.php\/2024\/02\/04\/harmille-falzetin-malja\/#breadcrumb"},"inLanguage":"fi","potentialAction":[{"@type":"ReadAction","target":["https:\/\/www.narraajan.fi\/index.php\/2024\/02\/04\/harmille-falzetin-malja\/"]}]},{"@type":"ImageObject","inLanguage":"fi","@id":"https:\/\/www.narraajan.fi\/index.php\/2024\/02\/04\/harmille-falzetin-malja\/#primaryimage","url":"https:\/\/www.narraajan.fi\/wp-content\/uploads\/2024\/02\/Narraajan-Pohjolan-Harlekiini_pieni.png","contentUrl":"https:\/\/www.narraajan.fi\/wp-content\/uploads\/2024\/02\/Narraajan-Pohjolan-Harlekiini_pieni.png","width":2048,"height":1366},{"@type":"BreadcrumbList","@id":"https:\/\/www.narraajan.fi\/index.php\/2024\/02\/04\/harmille-falzetin-malja\/#breadcrumb","itemListElement":[{"@type":"ListItem","position":1,"name":"Etusivu","item":"https:\/\/www.narraajan.fi\/"},{"@type":"ListItem","position":2,"name":"Harmille Falzetin Malja"}]},{"@type":"WebSite","@id":"https:\/\/www.narraajan.fi\/#website","url":"https:\/\/www.narraajan.fi\/","name":"Narraajan","description":"","potentialAction":[{"@type":"SearchAction","target":{"@type":"EntryPoint","urlTemplate":"https:\/\/www.narraajan.fi\/?s={search_term_string}"},"query-input":{"@type":"PropertyValueSpecification","valueRequired":true,"valueName":"search_term_string"}}],"inLanguage":"fi"},{"@type":"Person","@id":"https:\/\/www.narraajan.fi\/#\/schema\/person\/ebaa60c43ca934da6f0abe1eb700f5da","name":"Petra","image":{"@type":"ImageObject","inLanguage":"fi","@id":"https:\/\/secure.gravatar.com\/avatar\/9920f765c55ee9e3045c66b0785aaf5e40ce6cbd248c914947b4d8747a3e3fa5?s=96&d=mm&r=g","url":"https:\/\/secure.gravatar.com\/avatar\/9920f765c55ee9e3045c66b0785aaf5e40ce6cbd248c914947b4d8747a3e3fa5?s=96&d=mm&r=g","contentUrl":"https:\/\/secure.gravatar.com\/avatar\/9920f765c55ee9e3045c66b0785aaf5e40ce6cbd248c914947b4d8747a3e3fa5?s=96&d=mm&r=g","caption":"Petra"},"sameAs":["http:\/\/www.narraajan.fi","https:\/\/www.facebook.com\/Narraajan"],"url":"https:\/\/www.narraajan.fi\/index.php\/author\/admin\/"}]}},"_links":{"self":[{"href":"https:\/\/www.narraajan.fi\/index.php\/wp-json\/wp\/v2\/posts\/2622","targetHints":{"allow":["GET"]}}],"collection":[{"href":"https:\/\/www.narraajan.fi\/index.php\/wp-json\/wp\/v2\/posts"}],"about":[{"href":"https:\/\/www.narraajan.fi\/index.php\/wp-json\/wp\/v2\/types\/post"}],"author":[{"embeddable":true,"href":"https:\/\/www.narraajan.fi\/index.php\/wp-json\/wp\/v2\/users\/1"}],"replies":[{"embeddable":true,"href":"https:\/\/www.narraajan.fi\/index.php\/wp-json\/wp\/v2\/comments?post=2622"}],"version-history":[{"count":5,"href":"https:\/\/www.narraajan.fi\/index.php\/wp-json\/wp\/v2\/posts\/2622\/revisions"}],"predecessor-version":[{"id":2630,"href":"https:\/\/www.narraajan.fi\/index.php\/wp-json\/wp\/v2\/posts\/2622\/revisions\/2630"}],"wp:attachment":[{"href":"https:\/\/www.narraajan.fi\/index.php\/wp-json\/wp\/v2\/media?parent=2622"}],"wp:term":[{"taxonomy":"category","embeddable":true,"href":"https:\/\/www.narraajan.fi\/index.php\/wp-json\/wp\/v2\/categories?post=2622"},{"taxonomy":"post_tag","embeddable":true,"href":"https:\/\/www.narraajan.fi\/index.php\/wp-json\/wp\/v2\/tags?post=2622"}],"curies":[{"name":"wp","href":"https:\/\/api.w.org\/{rel}","templated":true}]}}